{"id":25396,"date":"2020-02-19T12:58:04","date_gmt":"2020-02-19T11:58:04","guid":{"rendered":"https:\/\/froiz.devhub.es\/reformado-el-supermercado-froiz-de-ronda-de-las-flores-en-medina-del-campo\/"},"modified":"2023-06-19T13:16:14","modified_gmt":"2023-06-19T11:16:14","slug":"reformado-el-supermercado-froiz-de-ronda-de-las-flores-en-medina-del-campo","status":"publish","type":"post","link":"https:\/\/froiz.es\/gl\/reformado-el-supermercado-froiz-de-ronda-de-las-flores-en-medina-del-campo\/","title":{"rendered":"Reformado el supermercado Froiz de Ronda de las Flores, en Medina del Campo"},"content":{"rendered":"<p style=\"text-align: justify;\">Hoy, reabre sus puertas\u00a0el\u00a0<strong>supermercado Froiz ubicado en la calle Ronda de las Flores, n\u00ba 3, en Medina del Campo (Valladolid)<\/strong>,\u00a0despu\u00e9s de que se hayan acometido obras de mejora en sus instalaciones. Mantiene los mismos metros cuadrados, pero se ha reformado ampliando las zonas dedicadas a productos refrigerados y congelados.<\/p>\n<p style=\"text-align: justify;\">Cuenta con las mismas secciones de frescos: carnicer\u00eda, pescader\u00eda, charcuter\u00eda y fruter\u00eda. Se han mejorado otras, como la panader\u00eda, y tambi\u00e9n los espacios de alimentaci\u00f3n general,\u00a0vinos y licores, y droguer\u00eda.\u00a0<strong>Este\u00a0supermercado ofrece al cliente la calidad de siempre\u00a0<\/strong>de Froiz a los mejores precios. Toda la carne de vacuno que se comercializa es\u00a0de Indicaci\u00f3n Geogr\u00e1fica 100% Ternera Gallega. Y los pescados y mariscos m\u00e1s frescos se env\u00edan al supermercado diariamente, procedentes de las principales lonjas gallegas. Hay tambi\u00e9n productos bio, eco, veganos y, despu\u00e9s de esta reforma, mayor surtido y variedad en productos frescos y marcas l\u00edderes.<\/p>\n<p style=\"text-align: justify;\">Su horario es de lunes a s\u00e1bado y cuenta con servicio a domicilio.\u00a0<strong>En \u00e9l trabajan 13 profesionales de la alimentaci\u00f3n para ofrecer\u00a0un buen servicio y atenci\u00f3n a todos los clientes.<\/strong><\/p>\n\n","protected":false},"excerpt":{"rendered":"<p>Hoy, reabre sus puertas\u00a0el\u00a0supermercado Froiz ubicado en la calle Ronda de las Flores, n\u00ba 3, en Medina del Campo (Valladolid),\u00a0despu\u00e9s de que se hayan acometido obras de mejora en sus instalaciones. Mantiene los mismos metros cuadrados, pero se ha reformado ampliando las zonas dedicadas a productos refrigerados y congelados. Cuenta con las mismas secciones de [&hellip;]<\/p>\n","protected":false},"author":1,"featured_media":25644,"comment_status":"open","ping_status":"open","sticky":false,"template":"","format":"standard","meta":{"_acf_changed":false,"footnotes":""},"categories":[31],"tags":[],"class_list":["post-25396","post","type-post","status-publish","format-standard","has-post-thumbnail","hentry","category-instalaciones"],"acf":[],"publishpress_future_workflow_manual_trigger":{"enabledWorkflows":[]},"_links":{"self":[{"href":"https:\/\/froiz.es\/gl\/wp-json\/wp\/v2\/posts\/25396","targetHints":{"allow":["GET"]}}],"collection":[{"href":"https:\/\/froiz.es\/gl\/wp-json\/wp\/v2\/posts"}],"about":[{"href":"https:\/\/froiz.es\/gl\/wp-json\/wp\/v2\/types\/post"}],"author":[{"embeddable":true,"href":"https:\/\/froiz.es\/gl\/wp-json\/wp\/v2\/users\/1"}],"replies":[{"embeddable":true,"href":"https:\/\/froiz.es\/gl\/wp-json\/wp\/v2\/comments?post=25396"}],"version-history":[{"count":0,"href":"https:\/\/froiz.es\/gl\/wp-json\/wp\/v2\/posts\/25396\/revisions"}],"wp:featuredmedia":[{"embeddable":true,"href":"https:\/\/froiz.es\/gl\/wp-json\/wp\/v2\/media\/25644"}],"wp:attachment":[{"href":"https:\/\/froiz.es\/gl\/wp-json\/wp\/v2\/media?parent=25396"}],"wp:term":[{"taxonomy":"category","embeddable":true,"href":"https:\/\/froiz.es\/gl\/wp-json\/wp\/v2\/categories?post=25396"},{"taxonomy":"post_tag","embeddable":true,"href":"https:\/\/froiz.es\/gl\/wp-json\/wp\/v2\/tags?post=25396"}],"curies":[{"name":"wp","href":"https:\/\/api.w.org\/{rel}","templated":true}]}}