{"id":25378,"date":"2019-10-03T08:35:32","date_gmt":"2019-10-03T06:35:32","guid":{"rendered":"https:\/\/froiz.devhub.es\/froiz-recicla-al-ano-mas-de-4-000-toneladas-de-residuos\/"},"modified":"2023-06-19T13:16:11","modified_gmt":"2023-06-19T11:16:11","slug":"froiz-recicla-al-ano-mas-de-4-000-toneladas-de-residuos","status":"publish","type":"post","link":"https:\/\/froiz.es\/gl\/froiz-recicla-al-ano-mas-de-4-000-toneladas-de-residuos\/","title":{"rendered":"Froiz recicla al a\u00f1o m\u00e1s de 4.000 toneladas de residuos"},"content":{"rendered":"<p style=\"text-align: justify;\">Desde siempre, la empresa ha entendido lo importante que es reciclar los residuos que se generan diariamente en todos los <strong>establecimientos y plataformas Froiz.<\/strong> Con este objetivo, es obligatorio que todas las tiendas env\u00eden a sus respectivas plataformas los residuos generados para su posterior prensado y env\u00edo a una planta especializada en compostaje y transformaci\u00f3n. Se reutilizan los pal\u00e9s de madera y pl\u00e1stico; y se env\u00edan a reciclar cart\u00f3n, pl\u00e1stico y cajas y bandejas de porexpan.\u00a0<strong>El objetivo es la Triple \u201cR\u201d: reducir, reutilizar y reciclar.<\/strong><\/p>\n<p style=\"text-align: justify;\"><strong>Froiz recicla al a\u00f1o\u00a0m\u00e1s de\u00a04.000 toneladas de residuos, en concreto 4.553.973<\/strong>, lo que representan\u00a0350.305 kilos al mes. De ellos,\u00a0325.900 son kilos de pl\u00e1sticos que se env\u00edan a reciclar, 70.560 kilos de poliestireno expandido (cajas de porexpan) y 3.568.138 kilos de cart\u00f3n. Adem\u00e1s de las cajas de pl\u00e1stico y madera que suponen 239.070 kilos.<\/p>\n<p style=\"text-align: justify;\">Adem\u00e1s se realiza log\u00edstica inversa, aprovechando los retornos de los camiones en sus rutas. Y\u00a0apuesta por el <strong>ahorro energ\u00e9tico en sus instalaciones,<\/strong> incorporando innovaciones en climatizaci\u00f3n y refrigeraci\u00f3n. En este contexto, todos los materiales empleados en el acondicionamiento, la iluminaci\u00f3n y la climatizaci\u00f3n de locales son eco-eficientes por lo que se consigue un consumo energ\u00e9tico inferior a una tienda convencional y se mejora la experiencia de compra de clientes y los espacios de trabajo de trabajadores.<\/p>\n<p><iframe src=\"https:\/\/www.youtube.com\/embed\/gVynnTlPSKQ\" width=\"560\" height=\"315\" frameborder=\"0\" allowfullscreen=\"allowfullscreen\"><\/iframe><\/p>\n","protected":false},"excerpt":{"rendered":"<p>Desde siempre, la empresa ha entendido lo importante que es reciclar los residuos que se generan diariamente en todos los establecimientos y plataformas Froiz. Con este objetivo, es obligatorio que todas las tiendas env\u00eden a sus respectivas plataformas los residuos generados para su posterior prensado y env\u00edo a una planta especializada en compostaje y transformaci\u00f3n. [&hellip;]<\/p>\n","protected":false},"author":1,"featured_media":25379,"comment_status":"open","ping_status":"open","sticky":false,"template":"","format":"standard","meta":{"_acf_changed":false,"footnotes":""},"categories":[14],"tags":[],"class_list":["post-25378","post","type-post","status-publish","format-standard","has-post-thumbnail","hentry","category-sostenibilidad"],"acf":[],"publishpress_future_workflow_manual_trigger":{"enabledWorkflows":[]},"_links":{"self":[{"href":"https:\/\/froiz.es\/gl\/wp-json\/wp\/v2\/posts\/25378","targetHints":{"allow":["GET"]}}],"collection":[{"href":"https:\/\/froiz.es\/gl\/wp-json\/wp\/v2\/posts"}],"about":[{"href":"https:\/\/froiz.es\/gl\/wp-json\/wp\/v2\/types\/post"}],"author":[{"embeddable":true,"href":"https:\/\/froiz.es\/gl\/wp-json\/wp\/v2\/users\/1"}],"replies":[{"embeddable":true,"href":"https:\/\/froiz.es\/gl\/wp-json\/wp\/v2\/comments?post=25378"}],"version-history":[{"count":0,"href":"https:\/\/froiz.es\/gl\/wp-json\/wp\/v2\/posts\/25378\/revisions"}],"wp:featuredmedia":[{"embeddable":true,"href":"https:\/\/froiz.es\/gl\/wp-json\/wp\/v2\/media\/25379"}],"wp:attachment":[{"href":"https:\/\/froiz.es\/gl\/wp-json\/wp\/v2\/media?parent=25378"}],"wp:term":[{"taxonomy":"category","embeddable":true,"href":"https:\/\/froiz.es\/gl\/wp-json\/wp\/v2\/categories?post=25378"},{"taxonomy":"post_tag","embeddable":true,"href":"https:\/\/froiz.es\/gl\/wp-json\/wp\/v2\/tags?post=25378"}],"curies":[{"name":"wp","href":"https:\/\/api.w.org\/{rel}","templated":true}]}}