{"id":25374,"date":"2019-09-19T10:37:55","date_gmt":"2019-09-19T08:37:55","guid":{"rendered":"https:\/\/froiz.devhub.es\/cambio-de-local-del-supermercado-froiz-de-a-illa-de-arousa-pontevedra\/"},"modified":"2023-06-19T13:16:11","modified_gmt":"2023-06-19T11:16:11","slug":"cambio-de-local-del-supermercado-froiz-de-a-illa-de-arousa-pontevedra","status":"publish","type":"post","link":"https:\/\/froiz.es\/gl\/cambio-de-local-del-supermercado-froiz-de-a-illa-de-arousa-pontevedra\/","title":{"rendered":"Cambio de local del supermercado Froiz de A Illa de Arousa (Pontevedra)"},"content":{"rendered":"<p style=\"text-align: justify;\">El <strong>supermercado Froiz de la localidad pontevedresa de A Illa de Arousa<\/strong> ha cambiado de ubicaci\u00f3n y se ha trasladado a un nuevo local comercial situado en c\/Traves\u00eda do Naval, n\u00ba4. Con este cambio, el centro ha ganado en metros cuadrados y en espacios de compra y de trabajo m\u00e1s c\u00f3modos y accesibles.<\/p>\n<p style=\"text-align: justify;\">Cuenta con 700 metros cuadrados y con las tradicionales secciones de frescos: carnicer\u00eda, charcuter\u00eda, fruter\u00eda, pescader\u00eda y panader\u00eda con sus respectivos obradores de trabajo; adem\u00e1s de los espacios dedicados a bodega, droguer\u00eda y alimentaci\u00f3n general. Tambi\u00e9n cuenta con zonas de productos refrigerados y congelados.<\/p>\n<p style=\"text-align: justify;\">Este nuevo supermercado Froiz en\u00a0 A Illa de Arousa\u00a0incorpora varias innovaciones. Dispone de distintas pantallas Led en todas las secciones de frescos y balanzas digitales.\u00a0Cuenta con servicio a domicilio y\u00a0amplio horario\u00a0de lunes a s\u00e1bado.<\/p>\n\n<p style=\"text-align: justify;\">\n","protected":false},"excerpt":{"rendered":"<p>El supermercado Froiz de la localidad pontevedresa de A Illa de Arousa ha cambiado de ubicaci\u00f3n y se ha trasladado a un nuevo local comercial situado en c\/Traves\u00eda do Naval, n\u00ba4. Con este cambio, el centro ha ganado en metros cuadrados y en espacios de compra y de trabajo m\u00e1s c\u00f3modos y accesibles. Cuenta con [&hellip;]<\/p>\n","protected":false},"author":1,"featured_media":25375,"comment_status":"open","ping_status":"open","sticky":false,"template":"","format":"standard","meta":{"_acf_changed":false,"footnotes":""},"categories":[31],"tags":[],"class_list":["post-25374","post","type-post","status-publish","format-standard","has-post-thumbnail","hentry","category-instalaciones"],"acf":[],"publishpress_future_workflow_manual_trigger":{"enabledWorkflows":[]},"_links":{"self":[{"href":"https:\/\/froiz.es\/gl\/wp-json\/wp\/v2\/posts\/25374","targetHints":{"allow":["GET"]}}],"collection":[{"href":"https:\/\/froiz.es\/gl\/wp-json\/wp\/v2\/posts"}],"about":[{"href":"https:\/\/froiz.es\/gl\/wp-json\/wp\/v2\/types\/post"}],"author":[{"embeddable":true,"href":"https:\/\/froiz.es\/gl\/wp-json\/wp\/v2\/users\/1"}],"replies":[{"embeddable":true,"href":"https:\/\/froiz.es\/gl\/wp-json\/wp\/v2\/comments?post=25374"}],"version-history":[{"count":0,"href":"https:\/\/froiz.es\/gl\/wp-json\/wp\/v2\/posts\/25374\/revisions"}],"wp:featuredmedia":[{"embeddable":true,"href":"https:\/\/froiz.es\/gl\/wp-json\/wp\/v2\/media\/25375"}],"wp:attachment":[{"href":"https:\/\/froiz.es\/gl\/wp-json\/wp\/v2\/media?parent=25374"}],"wp:term":[{"taxonomy":"category","embeddable":true,"href":"https:\/\/froiz.es\/gl\/wp-json\/wp\/v2\/categories?post=25374"},{"taxonomy":"post_tag","embeddable":true,"href":"https:\/\/froiz.es\/gl\/wp-json\/wp\/v2\/tags?post=25374"}],"curies":[{"name":"wp","href":"https:\/\/api.w.org\/{rel}","templated":true}]}}