{"id":25372,"date":"2019-07-19T09:44:11","date_gmt":"2019-07-19T07:44:11","guid":{"rendered":"https:\/\/froiz.devhub.es\/froiz-inaugura-hoy-su-primer-supermercado-en-avila\/"},"modified":"2023-06-19T13:16:10","modified_gmt":"2023-06-19T11:16:10","slug":"froiz-inaugura-hoy-su-primer-supermercado-en-avila","status":"publish","type":"post","link":"https:\/\/froiz.es\/gl\/froiz-inaugura-hoy-su-primer-supermercado-en-avila\/","title":{"rendered":"Froiz inaugura hoy su primer supermercado en \u00c1vila"},"content":{"rendered":"<p style=\"text-align: justify;\">El nuevo\u00a0<strong>supermercado Froiz<\/strong>\u00a0en la ciudad de\u00a0<b>\u00c1vila<\/b>\u00a0abre hoy viernes 19 de julio sus puertas al p\u00fablico. Est\u00e1 ubicado en la <strong>calle Juan Jos\u00e9 Mart\u00edn, 6-8,<\/strong> tambi\u00e9n con entrada por la calle Eduardo Marquina, n\u00ba 18,<\/p>\n<p style=\"text-align: justify;\">Cuenta con 700 metros cuadrados y \u00a0todas las secciones de frescos: carnicer\u00eda, charcuter\u00eda, fruter\u00eda y pescader\u00eda atendidas por profesionales. La oferta se completa con espacios dedicados a alimentaci\u00f3n general, bodega y droguer\u00eda; adem\u00e1s de refrigerados y congelados. Este nuevo establecimiento ofrece al cliente la calidad de siempre de Froiz a los mejores precios y un amplio surtido en frescos y marcas l\u00edderes.<\/p>\n<p style=\"text-align: justify;\">Todo el <strong>pescado y el marisco m\u00e1s fresco<\/strong> se env\u00eda al establecimiento diariamente, procedente de las principales lonjas gallegas. Hay tambi\u00e9n bandejas de <strong>sushi, productos bio y ecol\u00f3gicos.\u00a0<\/strong><\/p>\n<p style=\"text-align: justify;\">Sus\u00a0instalaciones son modernas y\u00a0eco-eficientes. Todos los materiales empleados en el acondicionamiento, la iluminaci\u00f3n y la climatizaci\u00f3n conseguir\u00e1n un consumo energ\u00e9tico inferior a una tienda convencional, mejorando la experiencia de compra para los clientes y los espacios de trabajo para los trabajadores. Cuenta con publicidad din\u00e1mica a trav\u00e9s de pantallas Led, servicio a domicilio\u00a0y compra online.<\/p>\n\n<p style=\"text-align: justify;\"><strong>Con la apertura de este nuevo establecimiento se\u00a0han creado 22 nuevos puestos de trabajo.<\/strong><\/p>\n<p style=\"text-align: justify;\"><b>Su horario es continuo de lunes a s\u00e1bado: de 9:00 a 21:30h<\/b><\/p>\n","protected":false},"excerpt":{"rendered":"<p>El nuevo\u00a0supermercado Froiz\u00a0en la ciudad de\u00a0\u00c1vila\u00a0abre hoy viernes 19 de julio sus puertas al p\u00fablico. Est\u00e1 ubicado en la calle Juan Jos\u00e9 Mart\u00edn, 6-8, tambi\u00e9n con entrada por la calle Eduardo Marquina, n\u00ba 18, Cuenta con 700 metros cuadrados y \u00a0todas las secciones de frescos: carnicer\u00eda, charcuter\u00eda, fruter\u00eda y pescader\u00eda atendidas por profesionales. La oferta [&hellip;]<\/p>\n","protected":false},"author":1,"featured_media":25621,"comment_status":"open","ping_status":"open","sticky":false,"template":"","format":"standard","meta":{"_acf_changed":false,"footnotes":""},"categories":[31],"tags":[],"class_list":["post-25372","post","type-post","status-publish","format-standard","has-post-thumbnail","hentry","category-instalaciones"],"acf":[],"publishpress_future_workflow_manual_trigger":{"enabledWorkflows":[]},"_links":{"self":[{"href":"https:\/\/froiz.es\/gl\/wp-json\/wp\/v2\/posts\/25372","targetHints":{"allow":["GET"]}}],"collection":[{"href":"https:\/\/froiz.es\/gl\/wp-json\/wp\/v2\/posts"}],"about":[{"href":"https:\/\/froiz.es\/gl\/wp-json\/wp\/v2\/types\/post"}],"author":[{"embeddable":true,"href":"https:\/\/froiz.es\/gl\/wp-json\/wp\/v2\/users\/1"}],"replies":[{"embeddable":true,"href":"https:\/\/froiz.es\/gl\/wp-json\/wp\/v2\/comments?post=25372"}],"version-history":[{"count":0,"href":"https:\/\/froiz.es\/gl\/wp-json\/wp\/v2\/posts\/25372\/revisions"}],"wp:featuredmedia":[{"embeddable":true,"href":"https:\/\/froiz.es\/gl\/wp-json\/wp\/v2\/media\/25621"}],"wp:attachment":[{"href":"https:\/\/froiz.es\/gl\/wp-json\/wp\/v2\/media?parent=25372"}],"wp:term":[{"taxonomy":"category","embeddable":true,"href":"https:\/\/froiz.es\/gl\/wp-json\/wp\/v2\/categories?post=25372"},{"taxonomy":"post_tag","embeddable":true,"href":"https:\/\/froiz.es\/gl\/wp-json\/wp\/v2\/tags?post=25372"}],"curies":[{"name":"wp","href":"https:\/\/api.w.org\/{rel}","templated":true}]}}