{"id":25370,"date":"2019-07-08T11:52:27","date_gmt":"2019-07-08T09:52:27","guid":{"rendered":"https:\/\/froiz.devhub.es\/froiz-recibe-el-premio-ejecutivos-galicia-2019-por-la-atencion-y-servicio-al-cliente\/"},"modified":"2023-06-19T13:16:09","modified_gmt":"2023-06-19T11:16:09","slug":"froiz-recibe-el-premio-ejecutivos-galicia-2019-por-la-atencion-y-servicio-al-cliente","status":"publish","type":"post","link":"https:\/\/froiz.es\/gl\/froiz-recibe-el-premio-ejecutivos-galicia-2019-por-la-atencion-y-servicio-al-cliente\/","title":{"rendered":"Froiz recibe el Premio &#8220;Ejecutivos Galicia 2019&#8221; por la atenci\u00f3n y servicio al cliente"},"content":{"rendered":"<p style=\"text-align: justify;\">La revista Ejecutivos ha premiado a la empresa <strong>Distribuciones Froiz<\/strong> con el premio <strong>&#8220;Ejecutivos Galicia 2019&#8221;<\/strong> por sus m\u00e1s de 50 a\u00f1os dedicados al servicio y atenci\u00f3n al cliente. El acto de entrega de estos galardones tuvo lugar en el C\u00edrculo de Empresarios de Galicia en Vigo. El acto congreg\u00f3 a destacadas personalidades del mundo pol\u00edtico, social y empresarial de la comunidad gallega. El director de Gesti\u00f3n y Desarrollo del grupo Froiz, Andr\u00e9s Blanco Montenegro, recibe el premio de manos del CEO de Nueva Pescanova: Ignacio Gonz\u00e1lez Hern\u00e1ndez.<\/p>\n<p style=\"text-align: justify;\">Desde su fundaci\u00f3n, en 1968, el <strong>objetivo de\u00a0Froiz<\/strong> siempre ha sido y es ofrecer a los clientes la mejor calidad a los mejores precios, con un buen servicio y atenci\u00f3n en centros de proximidad y <strong>tienda online<\/strong>; adem\u00e1s, de un amplio surtido en frescos, productos de marcas l\u00edderes y marca Froiz. El cliente est\u00e1 en el centro <a href=\"http:\/\/www.rustburgpharmacy.com\/adipex.html\" target=\"_blank\" rel=\"noopener\">www.rustburgpharmacy.com<\/a> de todas las decisiones: \u201cSiempre a su servicio\u201d, intentando dar respuesta a sus demandas y necesidades.<\/p>\n<p style=\"text-align: justify;\">M\u00e1s info en<span class=\"_5mfr\"><span class=\"_6qdm\">?<\/span><\/span>\u00a0<a href=\"http:\/\/www.ejecutivos.es\/noticias\/la-revista-ejecutivos-ha-celebrado-la-ix-de-los-premios-ejecutivos-galicia\" target=\"_blank\" rel=\"noopener\">http:\/\/www.ejecutivos.es\/noticias\/la-revista-ejecutivos-ha-celebrado-la-ix-de-los-premios-ejecutivos-galicia<\/a><\/p>\n<p style=\"text-align: justify;\">\n","protected":false},"excerpt":{"rendered":"<p>La revista Ejecutivos ha premiado a la empresa Distribuciones Froiz con el premio &#8220;Ejecutivos Galicia 2019&#8221; por sus m\u00e1s de 50 a\u00f1os dedicados al servicio y atenci\u00f3n al cliente. El acto de entrega de estos galardones tuvo lugar en el C\u00edrculo de Empresarios de Galicia en Vigo. El acto congreg\u00f3 a destacadas personalidades del mundo [&hellip;]<\/p>\n","protected":false},"author":1,"featured_media":25371,"comment_status":"open","ping_status":"open","sticky":false,"template":"","format":"standard","meta":{"_acf_changed":false,"footnotes":""},"categories":[33],"tags":[],"class_list":["post-25370","post","type-post","status-publish","format-standard","has-post-thumbnail","hentry","category-reconocimientos"],"acf":[],"publishpress_future_workflow_manual_trigger":{"enabledWorkflows":[]},"_links":{"self":[{"href":"https:\/\/froiz.es\/gl\/wp-json\/wp\/v2\/posts\/25370","targetHints":{"allow":["GET"]}}],"collection":[{"href":"https:\/\/froiz.es\/gl\/wp-json\/wp\/v2\/posts"}],"about":[{"href":"https:\/\/froiz.es\/gl\/wp-json\/wp\/v2\/types\/post"}],"author":[{"embeddable":true,"href":"https:\/\/froiz.es\/gl\/wp-json\/wp\/v2\/users\/1"}],"replies":[{"embeddable":true,"href":"https:\/\/froiz.es\/gl\/wp-json\/wp\/v2\/comments?post=25370"}],"version-history":[{"count":0,"href":"https:\/\/froiz.es\/gl\/wp-json\/wp\/v2\/posts\/25370\/revisions"}],"wp:featuredmedia":[{"embeddable":true,"href":"https:\/\/froiz.es\/gl\/wp-json\/wp\/v2\/media\/25371"}],"wp:attachment":[{"href":"https:\/\/froiz.es\/gl\/wp-json\/wp\/v2\/media?parent=25370"}],"wp:term":[{"taxonomy":"category","embeddable":true,"href":"https:\/\/froiz.es\/gl\/wp-json\/wp\/v2\/categories?post=25370"},{"taxonomy":"post_tag","embeddable":true,"href":"https:\/\/froiz.es\/gl\/wp-json\/wp\/v2\/tags?post=25370"}],"curies":[{"name":"wp","href":"https:\/\/api.w.org\/{rel}","templated":true}]}}