{"id":25368,"date":"2019-07-05T09:59:50","date_gmt":"2019-07-05T07:59:50","guid":{"rendered":"https:\/\/froiz.devhub.es\/reinauguracion-del-supermercado-froiz-calle-san-andres-en-a-coruna\/"},"modified":"2023-06-19T13:16:09","modified_gmt":"2023-06-19T11:16:09","slug":"reinauguracion-del-supermercado-froiz-calle-san-andres-en-a-coruna","status":"publish","type":"post","link":"https:\/\/froiz.es\/gl\/reinauguracion-del-supermercado-froiz-calle-san-andres-en-a-coruna\/","title":{"rendered":"Reinauguraci\u00f3n del supermercado Froiz, calle San Andr\u00e9s, en A Coru\u00f1a"},"content":{"rendered":"<p style=\"text-align: justify;\">Hoy se reabre un nuevo <strong>supermercado Froiz en la ciudad de A Coru\u00f1a<\/strong>. Se trata del establecimiento ubicado en la calle San Andr\u00e9s, 14-16, en pleno centro\u00a0hist\u00f3rico de la localidad. Mantiene los mismos metros cuadrados pero se ha reformado en su totalidad para crear espacios de compra y de trabajo para clientes y trabajadores m\u00e1s c\u00f3modos y accesibles.<\/p>\n<p style=\"text-align: justify;\">Ofrece la calidad de siempre de Froiz, a los mejores precios, en\u00a0las tradicionales secciones de frescos: carnicer\u00eda, charcuter\u00eda, fruter\u00eda y panader\u00eda con sus respectivos obradores de trabajo; adem\u00e1s de los espacios dedicados a bodega, droguer\u00eda y alimentaci\u00f3n general. Tambi\u00e9n cuenta con zonas de productos refrigerados y congelados.<\/p>\n\n<p style=\"text-align: justify;\">Esta tienda incorpora varias innovaciones.\u00a0 Dispone de distintas pantallas Led en las secciones de frescos, balanzas digitales,<b> <\/b>y elevadores de cestos. Adem\u00e1s del\u00a0<strong>\u201csu turno electr\u00f3nico\u201d,<\/strong>\u00a0incorporado en esas pantallas de Led con dispensadores distribuidos por varios lugares estrat\u00e9gicos de la sala de venta, que te informan -al coger el ticket- de cu\u00e1ntos clientes tienes delante, de forma que el cliente puede optimizar el tiempo de espera en cada secci\u00f3n de frescos.<\/p>\n<p style=\"text-align: justify;\">Cuenta con horario continuo de lunes a s\u00e1bado y servicio a domicilio.<\/p>\n<p style=\"text-align: justify;\">\n","protected":false},"excerpt":{"rendered":"<p>Hoy se reabre un nuevo supermercado Froiz en la ciudad de A Coru\u00f1a. Se trata del establecimiento ubicado en la calle San Andr\u00e9s, 14-16, en pleno centro\u00a0hist\u00f3rico de la localidad. Mantiene los mismos metros cuadrados pero se ha reformado en su totalidad para crear espacios de compra y de trabajo para clientes y trabajadores m\u00e1s [&hellip;]<\/p>\n","protected":false},"author":1,"featured_media":25369,"comment_status":"open","ping_status":"open","sticky":false,"template":"","format":"standard","meta":{"_acf_changed":false,"footnotes":""},"categories":[31],"tags":[],"class_list":["post-25368","post","type-post","status-publish","format-standard","has-post-thumbnail","hentry","category-instalaciones"],"acf":[],"publishpress_future_workflow_manual_trigger":{"enabledWorkflows":[]},"_links":{"self":[{"href":"https:\/\/froiz.es\/gl\/wp-json\/wp\/v2\/posts\/25368","targetHints":{"allow":["GET"]}}],"collection":[{"href":"https:\/\/froiz.es\/gl\/wp-json\/wp\/v2\/posts"}],"about":[{"href":"https:\/\/froiz.es\/gl\/wp-json\/wp\/v2\/types\/post"}],"author":[{"embeddable":true,"href":"https:\/\/froiz.es\/gl\/wp-json\/wp\/v2\/users\/1"}],"replies":[{"embeddable":true,"href":"https:\/\/froiz.es\/gl\/wp-json\/wp\/v2\/comments?post=25368"}],"version-history":[{"count":0,"href":"https:\/\/froiz.es\/gl\/wp-json\/wp\/v2\/posts\/25368\/revisions"}],"wp:featuredmedia":[{"embeddable":true,"href":"https:\/\/froiz.es\/gl\/wp-json\/wp\/v2\/media\/25369"}],"wp:attachment":[{"href":"https:\/\/froiz.es\/gl\/wp-json\/wp\/v2\/media?parent=25368"}],"wp:term":[{"taxonomy":"category","embeddable":true,"href":"https:\/\/froiz.es\/gl\/wp-json\/wp\/v2\/categories?post=25368"},{"taxonomy":"post_tag","embeddable":true,"href":"https:\/\/froiz.es\/gl\/wp-json\/wp\/v2\/tags?post=25368"}],"curies":[{"name":"wp","href":"https:\/\/api.w.org\/{rel}","templated":true}]}}