{"id":25360,"date":"2019-06-14T09:24:11","date_gmt":"2019-06-14T07:24:11","guid":{"rendered":"https:\/\/froiz.devhub.es\/reapertura-del-supermercado-froiz-de-moana\/"},"modified":"2023-06-19T13:16:09","modified_gmt":"2023-06-19T11:16:09","slug":"reapertura-del-supermercado-froiz-de-moana","status":"publish","type":"post","link":"https:\/\/froiz.es\/gl\/reapertura-del-supermercado-froiz-de-moana\/","title":{"rendered":"Reapertura del supermercado Froiz de Moa\u00f1a"},"content":{"rendered":"<p style=\"text-align: justify;\">El\u00a0<strong>supermercado Froiz<\/strong>\u00a0ubicado en la calle Concepci\u00f3n Arenal, n\u00ba 20, en\u00a0<strong>Moa\u00f1a\u00a0<\/strong>\u00a0reabre hoy sus puertas, despu\u00e9s de haber sido reformado en su totalidad. El centro ha modernizado sus instalaciones para crear espacios m\u00e1s c\u00f3modos para trabajadores y clientes; y ha ampliado toda la zona dedicada a productos de libre servicio, refrigerados y congelados. Ofrece la calidad de siempre, a los mejores precios.<\/p>\n<p style=\"text-align: justify;\">Con esta reforma el establecimiento cuenta con instalaciones de climatizaci\u00f3n y refrigeraci\u00f3n eco-eficientes que reducen el impacto medioambiental y mejoran el ahorro energ\u00e9tico. Las tradicionales secciones de frescos: carnicer\u00eda, charcuter\u00eda, fruter\u00eda y panader\u00eda cuentan con sus respectivos obradores de trabajo; adem\u00e1s de los espacios dedicados a bodega, droguer\u00eda y alimentaci\u00f3n general.<\/p>\n\n<p style=\"text-align: justify;\">Dispone de\u00a0productos refrigerados y congelados. Su horario es continuo de lunes a s\u00e1bado y cuenta con servicio a domicilio.\u00a0<strong>En \u00e9l trabajan 20 profesionales de la alimentaci\u00f3n para ofrecer el mejor servicio y atenci\u00f3n a los clientes.<\/strong><\/p>\n","protected":false},"excerpt":{"rendered":"<p>El\u00a0supermercado Froiz\u00a0ubicado en la calle Concepci\u00f3n Arenal, n\u00ba 20, en\u00a0Moa\u00f1a\u00a0\u00a0reabre hoy sus puertas, despu\u00e9s de haber sido reformado en su totalidad. El centro ha modernizado sus instalaciones para crear espacios m\u00e1s c\u00f3modos para trabajadores y clientes; y ha ampliado toda la zona dedicada a productos de libre servicio, refrigerados y congelados. Ofrece la calidad de [&hellip;]<\/p>\n","protected":false},"author":1,"featured_media":25361,"comment_status":"open","ping_status":"open","sticky":false,"template":"","format":"standard","meta":{"_acf_changed":false,"footnotes":""},"categories":[31],"tags":[],"class_list":["post-25360","post","type-post","status-publish","format-standard","has-post-thumbnail","hentry","category-instalaciones"],"acf":[],"publishpress_future_workflow_manual_trigger":{"enabledWorkflows":[]},"_links":{"self":[{"href":"https:\/\/froiz.es\/gl\/wp-json\/wp\/v2\/posts\/25360","targetHints":{"allow":["GET"]}}],"collection":[{"href":"https:\/\/froiz.es\/gl\/wp-json\/wp\/v2\/posts"}],"about":[{"href":"https:\/\/froiz.es\/gl\/wp-json\/wp\/v2\/types\/post"}],"author":[{"embeddable":true,"href":"https:\/\/froiz.es\/gl\/wp-json\/wp\/v2\/users\/1"}],"replies":[{"embeddable":true,"href":"https:\/\/froiz.es\/gl\/wp-json\/wp\/v2\/comments?post=25360"}],"version-history":[{"count":0,"href":"https:\/\/froiz.es\/gl\/wp-json\/wp\/v2\/posts\/25360\/revisions"}],"wp:featuredmedia":[{"embeddable":true,"href":"https:\/\/froiz.es\/gl\/wp-json\/wp\/v2\/media\/25361"}],"wp:attachment":[{"href":"https:\/\/froiz.es\/gl\/wp-json\/wp\/v2\/media?parent=25360"}],"wp:term":[{"taxonomy":"category","embeddable":true,"href":"https:\/\/froiz.es\/gl\/wp-json\/wp\/v2\/categories?post=25360"},{"taxonomy":"post_tag","embeddable":true,"href":"https:\/\/froiz.es\/gl\/wp-json\/wp\/v2\/tags?post=25360"}],"curies":[{"name":"wp","href":"https:\/\/api.w.org\/{rel}","templated":true}]}}