{"id":25345,"date":"2018-11-22T08:40:14","date_gmt":"2018-11-22T07:40:14","guid":{"rendered":"https:\/\/froiz.devhub.es\/segundo-supermercado-froiz-en-la-ciudad-de-braga\/"},"modified":"2023-06-19T13:16:06","modified_gmt":"2023-06-19T11:16:06","slug":"segundo-supermercado-froiz-en-la-ciudad-de-braga","status":"publish","type":"post","link":"https:\/\/froiz.es\/gl\/segundo-supermercado-froiz-en-la-ciudad-de-braga\/","title":{"rendered":"Segundo supermercado Froiz en la ciudad de Braga"},"content":{"rendered":"<p style=\"text-align: justify;\">Hoy abre sus puertas el segundo supermercado Froiz en la ciudad portuguesa de <strong>Braga<\/strong>, en el centro <strong>comercial Braga Retail Center.<\/strong> Con esta apertura ya son 16 los establecimientos Froiz en Portugal.<\/p>\n<p style=\"text-align: justify;\">Cuenta con 1.000 metros cuadrados y \u00a0todas las secciones de frescos: carnicer\u00eda, charcuter\u00eda, fruter\u00eda, panader\u00eda y pescader\u00eda asistidas. La oferta se completa con espacios dedicados a alimentaci\u00f3n general, bodega y droguer\u00eda; adem\u00e1s de refrigerados y congelados.<\/p>\n<p style=\"text-align: justify;\">Cuenta con un\u00a0<strong>\u201cFaster Coffee\u201d<\/strong>, con mesas para que el cliente pueda consumir en el momento caf\u00e9 y productos de panader\u00eda.<\/p>\n<p style=\"text-align: justify;\">Este nuevo establecimiento ofrece al cliente la calidad de siempre de Froiz a los mejores precios y un amplio surtido en frescos y marcas l\u00edderes.<\/p>\n\n<p style=\"text-align: justify;\">Sus\u00a0instalaciones son modernas y\u00a0eco-eficientes. Todos los materiales empleados en el acondicionamiento, la iluminaci\u00f3n y la climatizaci\u00f3n conseguir\u00e1n un consumo energ\u00e9tico inferior a una tienda convencional, mejorando la experiencia de compra para los clientes y los espacios de trabajo para los trabajadores.\u00a0\u00a0Cuenta con publicidad din\u00e1mica a trav\u00e9s de pantallas Led, servicio a domicilio\u00a0y compra online.<\/p>\n<p style=\"text-align: justify;\"><strong>Con la apertura de este nuevo establecimiento se\u00a0han creado 21 nuevos puestos de trabajo.<\/strong><\/p>\n<p>&nbsp;<\/p>\n","protected":false},"excerpt":{"rendered":"<p>Hoy abre sus puertas el segundo supermercado Froiz en la ciudad portuguesa de Braga, en el centro comercial Braga Retail Center. Con esta apertura ya son 16 los establecimientos Froiz en Portugal. Cuenta con 1.000 metros cuadrados y \u00a0todas las secciones de frescos: carnicer\u00eda, charcuter\u00eda, fruter\u00eda, panader\u00eda y pescader\u00eda asistidas. La oferta se completa con [&hellip;]<\/p>\n","protected":false},"author":1,"featured_media":25601,"comment_status":"open","ping_status":"open","sticky":false,"template":"","format":"standard","meta":{"_acf_changed":false,"footnotes":""},"categories":[31],"tags":[],"class_list":["post-25345","post","type-post","status-publish","format-standard","has-post-thumbnail","hentry","category-instalaciones"],"acf":[],"publishpress_future_workflow_manual_trigger":{"enabledWorkflows":[]},"_links":{"self":[{"href":"https:\/\/froiz.es\/gl\/wp-json\/wp\/v2\/posts\/25345","targetHints":{"allow":["GET"]}}],"collection":[{"href":"https:\/\/froiz.es\/gl\/wp-json\/wp\/v2\/posts"}],"about":[{"href":"https:\/\/froiz.es\/gl\/wp-json\/wp\/v2\/types\/post"}],"author":[{"embeddable":true,"href":"https:\/\/froiz.es\/gl\/wp-json\/wp\/v2\/users\/1"}],"replies":[{"embeddable":true,"href":"https:\/\/froiz.es\/gl\/wp-json\/wp\/v2\/comments?post=25345"}],"version-history":[{"count":0,"href":"https:\/\/froiz.es\/gl\/wp-json\/wp\/v2\/posts\/25345\/revisions"}],"wp:featuredmedia":[{"embeddable":true,"href":"https:\/\/froiz.es\/gl\/wp-json\/wp\/v2\/media\/25601"}],"wp:attachment":[{"href":"https:\/\/froiz.es\/gl\/wp-json\/wp\/v2\/media?parent=25345"}],"wp:term":[{"taxonomy":"category","embeddable":true,"href":"https:\/\/froiz.es\/gl\/wp-json\/wp\/v2\/categories?post=25345"},{"taxonomy":"post_tag","embeddable":true,"href":"https:\/\/froiz.es\/gl\/wp-json\/wp\/v2\/tags?post=25345"}],"curies":[{"name":"wp","href":"https:\/\/api.w.org\/{rel}","templated":true}]}}