{"id":25341,"date":"2018-10-25T10:21:28","date_gmt":"2018-10-25T08:21:28","guid":{"rendered":"https:\/\/froiz.devhub.es\/reapertura-del-supermercado-froiz-de-lagunas-ourense\/"},"modified":"2023-06-19T13:16:06","modified_gmt":"2023-06-19T11:16:06","slug":"reapertura-del-supermercado-froiz-de-lagunas-ourense","status":"publish","type":"post","link":"https:\/\/froiz.es\/gl\/reapertura-del-supermercado-froiz-de-lagunas-ourense\/","title":{"rendered":"Reapertura del supermercado Froiz de Lagunas, Ourense"},"content":{"rendered":"<p style=\"text-align: justify;\">El\u00a0<strong>supermercado Froiz<\/strong>\u00a0de calle Alfonso Rodr\u00edguez Castelao, Las\u00a0 Lagunas, en Ourense abre hoy sus puertas despu\u00e9s de que se hayan realizado obras de mejora en el local. Con esta reforma, el centro cuenta con los mismos 750 metros cuadrados pero en unas instalaciones m\u00e1s amplias y modernas<strong>, <\/strong>mejorando la experiencia de compra de clientes y los espacios de trabajo para los trabajadores.<\/p>\n<p style=\"text-align: justify;\">Ofrece la calidad de siempre de Froiz, a los mejores precios, en\u00a0las tradicionales secciones de frescos: carnicer\u00eda, charcuter\u00eda, pescader\u00eda, fruter\u00eda y panader\u00eda con sus respectivos obradores de trabajo; adem\u00e1s de los espacios dedicados a bodega, droguer\u00eda y alimentaci\u00f3n general. Tambi\u00e9n cuenta con zonas de productos refrigerados y congelados.<\/p>\n<p style=\"text-align: justify;\">Esta tienda dispone de distintas pantallas Led y balanzas digitales -ubicadas en las secciones de frescos- que permiten emitir contenidos audiovisuales en tiempo real. Adem\u00e1s, del <strong>\u201csu turno electr\u00f3nico\u201d,<\/strong> incorporado en esas pantallas de Led con dispensadores distribuidos por varios lugares estrat\u00e9gicos de la sala de venta, que te informan -al coger el ticket- de cu\u00e1ntos clientes tienes delante, de forma que el cliente puede optimizar el tiempo de espera en cada secci\u00f3n de frescos.<\/p>\n\n<p style=\"text-align: justify;\">Su horario es continuo de lunes a s\u00e1bado, cuenta con servicio a domicilio y compra por Internet. En \u00e9l trabajan\u00a024\u00a0profesionales de la alimentaci\u00f3n para ofrecer el mejor servicio y atenci\u00f3n a los clientes.<\/p>\n<p>&nbsp;<\/p>\n","protected":false},"excerpt":{"rendered":"<p>El\u00a0supermercado Froiz\u00a0de calle Alfonso Rodr\u00edguez Castelao, Las\u00a0 Lagunas, en Ourense abre hoy sus puertas despu\u00e9s de que se hayan realizado obras de mejora en el local. Con esta reforma, el centro cuenta con los mismos 750 metros cuadrados pero en unas instalaciones m\u00e1s amplias y modernas, mejorando la experiencia de compra de clientes y los [&hellip;]<\/p>\n","protected":false},"author":1,"featured_media":25342,"comment_status":"open","ping_status":"open","sticky":false,"template":"","format":"standard","meta":{"_acf_changed":false,"footnotes":""},"categories":[31],"tags":[],"class_list":["post-25341","post","type-post","status-publish","format-standard","has-post-thumbnail","hentry","category-instalaciones"],"acf":[],"publishpress_future_workflow_manual_trigger":{"enabledWorkflows":[]},"_links":{"self":[{"href":"https:\/\/froiz.es\/gl\/wp-json\/wp\/v2\/posts\/25341","targetHints":{"allow":["GET"]}}],"collection":[{"href":"https:\/\/froiz.es\/gl\/wp-json\/wp\/v2\/posts"}],"about":[{"href":"https:\/\/froiz.es\/gl\/wp-json\/wp\/v2\/types\/post"}],"author":[{"embeddable":true,"href":"https:\/\/froiz.es\/gl\/wp-json\/wp\/v2\/users\/1"}],"replies":[{"embeddable":true,"href":"https:\/\/froiz.es\/gl\/wp-json\/wp\/v2\/comments?post=25341"}],"version-history":[{"count":0,"href":"https:\/\/froiz.es\/gl\/wp-json\/wp\/v2\/posts\/25341\/revisions"}],"wp:featuredmedia":[{"embeddable":true,"href":"https:\/\/froiz.es\/gl\/wp-json\/wp\/v2\/media\/25342"}],"wp:attachment":[{"href":"https:\/\/froiz.es\/gl\/wp-json\/wp\/v2\/media?parent=25341"}],"wp:term":[{"taxonomy":"category","embeddable":true,"href":"https:\/\/froiz.es\/gl\/wp-json\/wp\/v2\/categories?post=25341"},{"taxonomy":"post_tag","embeddable":true,"href":"https:\/\/froiz.es\/gl\/wp-json\/wp\/v2\/tags?post=25341"}],"curies":[{"name":"wp","href":"https:\/\/api.w.org\/{rel}","templated":true}]}}