{"id":25339,"date":"2018-08-30T12:52:42","date_gmt":"2018-08-30T10:52:42","guid":{"rendered":"https:\/\/froiz.devhub.es\/reapertura-de-uno-de-los-supermercados-froiz-de-lugo\/"},"modified":"2023-06-19T13:16:03","modified_gmt":"2023-06-19T11:16:03","slug":"reapertura-de-uno-de-los-supermercados-froiz-de-lugo","status":"publish","type":"post","link":"https:\/\/froiz.es\/gl\/reapertura-de-uno-de-los-supermercados-froiz-de-lugo\/","title":{"rendered":"Reapertura de uno de los supermercados Froiz de Lugo"},"content":{"rendered":"<p style=\"text-align: justify;\">El <strong>supermercado Froiz<\/strong> ubicado en <strong>Avda. de A Coru\u00f1a, 238,<\/strong> en la ciudad de <strong>Lugo<\/strong>, ha sido reformado y desde hoy luce una imagen m\u00e1s moderna. Cuenta con todas las secciones de frescos: carnicer\u00eda, charcuter\u00eda, fruter\u00eda, panader\u00eda y pescader\u00eda que ofrecen productos de calidad y con la m\u00e1xima frescura. Adem\u00e1s, y gracias a sus amplias instalaciones, se han desarrollado dos\u00a0secciones\u00a0dedicadas espec\u00edficamente a\u00a0productos de textil-hogar e infantil.<\/p>\n<p style=\"text-align: justify;\">Como en todos los centros Froiz,\u00a0la oferta al cliente se completa con los espacios dedicados a alimentaci\u00f3n general, bodega y droguer\u00eda; adem\u00e1s de refrigerados y congelados.<\/p>\n\n<p style=\"text-align: justify;\">Cuenta con\u00a0aparcamiento gratuito para clientes, servicio a domicilio y su horario es continuo de lunes a s\u00e1bado.\u00a0 <strong>En \u00e9l trabajan 16 profesionales de la alimentaci\u00f3n para ofrecer el mejor servicio y atenci\u00f3n a los clientes.<\/strong><\/p>\n<p style=\"text-align: justify;\">\n","protected":false},"excerpt":{"rendered":"<p>El supermercado Froiz ubicado en Avda. de A Coru\u00f1a, 238, en la ciudad de Lugo, ha sido reformado y desde hoy luce una imagen m\u00e1s moderna. Cuenta con todas las secciones de frescos: carnicer\u00eda, charcuter\u00eda, fruter\u00eda, panader\u00eda y pescader\u00eda que ofrecen productos de calidad y con la m\u00e1xima frescura. Adem\u00e1s, y gracias a sus amplias [&hellip;]<\/p>\n","protected":false},"author":1,"featured_media":25595,"comment_status":"open","ping_status":"open","sticky":false,"template":"","format":"standard","meta":{"_acf_changed":false,"footnotes":""},"categories":[31],"tags":[],"class_list":["post-25339","post","type-post","status-publish","format-standard","has-post-thumbnail","hentry","category-instalaciones"],"acf":[],"publishpress_future_workflow_manual_trigger":{"enabledWorkflows":[]},"_links":{"self":[{"href":"https:\/\/froiz.es\/gl\/wp-json\/wp\/v2\/posts\/25339","targetHints":{"allow":["GET"]}}],"collection":[{"href":"https:\/\/froiz.es\/gl\/wp-json\/wp\/v2\/posts"}],"about":[{"href":"https:\/\/froiz.es\/gl\/wp-json\/wp\/v2\/types\/post"}],"author":[{"embeddable":true,"href":"https:\/\/froiz.es\/gl\/wp-json\/wp\/v2\/users\/1"}],"replies":[{"embeddable":true,"href":"https:\/\/froiz.es\/gl\/wp-json\/wp\/v2\/comments?post=25339"}],"version-history":[{"count":0,"href":"https:\/\/froiz.es\/gl\/wp-json\/wp\/v2\/posts\/25339\/revisions"}],"wp:featuredmedia":[{"embeddable":true,"href":"https:\/\/froiz.es\/gl\/wp-json\/wp\/v2\/media\/25595"}],"wp:attachment":[{"href":"https:\/\/froiz.es\/gl\/wp-json\/wp\/v2\/media?parent=25339"}],"wp:term":[{"taxonomy":"category","embeddable":true,"href":"https:\/\/froiz.es\/gl\/wp-json\/wp\/v2\/categories?post=25339"},{"taxonomy":"post_tag","embeddable":true,"href":"https:\/\/froiz.es\/gl\/wp-json\/wp\/v2\/tags?post=25339"}],"curies":[{"name":"wp","href":"https:\/\/api.w.org\/{rel}","templated":true}]}}