{"id":25335,"date":"2018-07-05T07:44:09","date_gmt":"2018-07-05T05:44:09","guid":{"rendered":"https:\/\/froiz.devhub.es\/froiz-arevalo-nuevas-y-modernas-instalaciones\/"},"modified":"2023-06-19T13:16:03","modified_gmt":"2023-06-19T11:16:03","slug":"froiz-arevalo-nuevas-y-modernas-instalaciones","status":"publish","type":"post","link":"https:\/\/froiz.es\/gl\/froiz-arevalo-nuevas-y-modernas-instalaciones\/","title":{"rendered":"Froiz Ar\u00e9valo, nuevas y modernas instalaciones\u00a0"},"content":{"rendered":"<div class=\"gmail_default\" style=\"text-align: justify;\">El <strong>supermercado Froiz de la localidad de Ar\u00e9valo, e<\/strong>n la provincia de \u00c1vila, se ha reformado y desde hoy luce una nueva imagen m\u00e1s moderna y con instalaciones eco-eficientes.<\/div>\n<div class=\"gmail_default\" style=\"text-align: justify;\"><\/div>\n<div class=\"gmail_default\" style=\"text-align: justify;\">El centro, ubicado en la calle Emilio Romero, n\u00ba 21, cuenta con todas las secciones de frescos: carnicer\u00eda, charcuter\u00eda, fruter\u00eda, panader\u00eda y pescader\u00eda que ofrecen productos de calidad y de la m\u00e1xima frescura. El pescado y marisco se env\u00eda diariamente desde los puertos gallegos, en concreto desde la plataforma log\u00edstica de Froiz Mar ubicada en el puerto de Vigo.<\/div>\n<div class=\"gmail_default\" style=\"text-align: justify;\"><\/div>\n<div class=\"gmail_default\" style=\"text-align: justify;\">La oferta al cliente se completa con los espacios dedicados a alimentaci\u00f3n, bodega y droguer\u00eda. Tambi\u00e9n se ha ampliado las zonas de refrigerados y congelados.<\/div>\n<div class=\"gmail_default\" style=\"text-align: justify;\">\n\n<\/div>\n<div class=\"gmail_default\" style=\"text-align: justify;\"><\/div>\n<div class=\"gmail_default\" style=\"text-align: justify;\"><\/div>\n<div class=\"gmail_default\" style=\"text-align: justify;\"><\/div>\n<div class=\"gmail_default\" style=\"text-align: justify;\">En este centro <strong>trabajan 15 profesionales<\/strong> de la alimentaci\u00f3n. Cuenta con servicio a domicilio, horario continuo de lunes a s\u00e1bado y <strong>compra online<\/strong> a trav\u00e9s de la tienda del grupo<strong>\u00a0<a href=\"http:\/\/www.froiz.es\/shop\" target=\"_blank\" data-saferedirecturl=\"https:\/\/www.google.com\/url?hl=es&amp;q=http:\/\/www.froiz.es\/shop&amp;source=gmail&amp;ust=1530862596120000&amp;usg=AFQjCNGJaTIwXswMkluzE8wBISxouwZZpQ\" rel=\"noopener\">www.froiz.es\/shop<\/a>.\u00a0<\/strong><\/div>\n","protected":false},"excerpt":{"rendered":"<p>El supermercado Froiz de la localidad de Ar\u00e9valo, en la provincia de \u00c1vila, se ha reformado y desde hoy luce una nueva imagen m\u00e1s moderna y con instalaciones eco-eficientes. El centro, ubicado en la calle Emilio Romero, n\u00ba 21, cuenta con todas las secciones de frescos: carnicer\u00eda, charcuter\u00eda, fruter\u00eda, panader\u00eda y pescader\u00eda que ofrecen productos [&hellip;]<\/p>\n","protected":false},"author":1,"featured_media":25336,"comment_status":"open","ping_status":"open","sticky":false,"template":"","format":"standard","meta":{"_acf_changed":false,"footnotes":""},"categories":[31],"tags":[],"class_list":["post-25335","post","type-post","status-publish","format-standard","has-post-thumbnail","hentry","category-instalaciones"],"acf":[],"publishpress_future_workflow_manual_trigger":{"enabledWorkflows":[]},"_links":{"self":[{"href":"https:\/\/froiz.es\/gl\/wp-json\/wp\/v2\/posts\/25335","targetHints":{"allow":["GET"]}}],"collection":[{"href":"https:\/\/froiz.es\/gl\/wp-json\/wp\/v2\/posts"}],"about":[{"href":"https:\/\/froiz.es\/gl\/wp-json\/wp\/v2\/types\/post"}],"author":[{"embeddable":true,"href":"https:\/\/froiz.es\/gl\/wp-json\/wp\/v2\/users\/1"}],"replies":[{"embeddable":true,"href":"https:\/\/froiz.es\/gl\/wp-json\/wp\/v2\/comments?post=25335"}],"version-history":[{"count":0,"href":"https:\/\/froiz.es\/gl\/wp-json\/wp\/v2\/posts\/25335\/revisions"}],"wp:featuredmedia":[{"embeddable":true,"href":"https:\/\/froiz.es\/gl\/wp-json\/wp\/v2\/media\/25336"}],"wp:attachment":[{"href":"https:\/\/froiz.es\/gl\/wp-json\/wp\/v2\/media?parent=25335"}],"wp:term":[{"taxonomy":"category","embeddable":true,"href":"https:\/\/froiz.es\/gl\/wp-json\/wp\/v2\/categories?post=25335"},{"taxonomy":"post_tag","embeddable":true,"href":"https:\/\/froiz.es\/gl\/wp-json\/wp\/v2\/tags?post=25335"}],"curies":[{"name":"wp","href":"https:\/\/api.w.org\/{rel}","templated":true}]}}