{"id":25329,"date":"2018-06-21T10:51:57","date_gmt":"2018-06-21T08:51:57","guid":{"rendered":"https:\/\/froiz.devhub.es\/nuevo-supermercado-froiz-en-la-ciudad-de-ourense\/"},"modified":"2023-06-19T13:16:02","modified_gmt":"2023-06-19T11:16:02","slug":"nuevo-supermercado-froiz-en-la-ciudad-de-ourense","status":"publish","type":"post","link":"https:\/\/froiz.es\/gl\/nuevo-supermercado-froiz-en-la-ciudad-de-ourense\/","title":{"rendered":"Nuevo supermercado Froiz en la ciudad de Ourense"},"content":{"rendered":"<div class=\"gmail_default\" style=\"text-align: justify;\">Hoy se inaugura<b>\u00a0<\/b>un nuevo establecimiento Froiz en la ciudad de Ourense, que supone el supermercado\u00a0<strong>Froiz<\/strong>\u00a0n\u00famero\u00a010 en la localidad.\u00a0Est\u00e1 situado en la<strong>\u00a0calle Xos\u00e9 Ram\u00f3n Fern\u00e1ndez Oxea, n\u00ba 3<\/strong>\u00a0y cuenta con una sala de venta de 1.200 metros cuadrados.<\/div>\n<div class=\"gmail_default\" style=\"text-align: justify;\"><\/div>\n<div class=\"gmail_default\">\n<div id=\"m_8639528499774903581gmail-u_0_i\" class=\"m_8639528499774903581gmail-_li\" style=\"text-align: justify;\">\n<div id=\"m_8639528499774903581gmail-globalContainer\" class=\"m_8639528499774903581gmail-uiContextualLayerParent\">\n<div id=\"m_8639528499774903581gmail-content\" class=\"m_8639528499774903581gmail-fb_content m_8639528499774903581gmail-clearfix\">\n<div>\n<div>\n<div class=\"m_8639528499774903581gmail-clearfix\">\n<div class=\"m_8639528499774903581gmail-_1qkq m_8639528499774903581gmail-_1ql0\">\n<div id=\"m_8639528499774903581gmail-content_container\">\n<div>\n<div class=\"m_8639528499774903581gmail-clearfix\">\n<div id=\"m_8639528499774903581gmail-js_1c\" class=\"m_8639528499774903581gmail-_2pie m_8639528499774903581gmail-_14i5 m_8639528499774903581gmail-_1qkq m_8639528499774903581gmail-_1qkx\">\n<div id=\"m_8639528499774903581gmail-pagelet_timeline_main_column\">\n<div id=\"m_8639528499774903581gmail-id_5a61b9de11edd8277403262\">\n<div>\n<div id=\"m_8639528499774903581gmail-u_jsonp_3_25\">\n<div class=\"m_8639528499774903581gmail-_1xnd\">\n<div class=\"m_8639528499774903581gmail-_1xnd\">\n<div class=\"m_8639528499774903581gmail-_1xnd\">\n<div class=\"m_8639528499774903581gmail-_4-u2 m_8639528499774903581gmail-_3xaf m_8639528499774903581gmail-_3-95 m_8639528499774903581gmail-_4-u8\">\n<div class=\"m_8639528499774903581gmail-_5va1 m_8639528499774903581gmail-_427x\">\n<div id=\"m_8639528499774903581gmail-u_19_1\" class=\"m_8639528499774903581gmail-_4-u2 m_8639528499774903581gmail-mbm m_8639528499774903581gmail-_4mrt m_8639528499774903581gmail-_5jmm m_8639528499774903581gmail-_5pat m_8639528499774903581gmail-_5v3q m_8639528499774903581gmail-_4-u8\">\n<div id=\"m_8639528499774903581gmail-u_19_b\" class=\"m_8639528499774903581gmail-_3ccb\">\n<div class=\"m_8639528499774903581gmail-_5pcr m_8639528499774903581gmail-userContentWrapper\">\n<div class=\"m_8639528499774903581gmail-_1dwg m_8639528499774903581gmail-_1w_m m_8639528499774903581gmail-_q7o\">\n<div>\n<div id=\"m_8639528499774903581gmail-js_74\" class=\"m_8639528499774903581gmail-_5pbx m_8639528499774903581gmail-userContent m_8639528499774903581gmail-_3576\">\n<p>El supermercado dispone de las tradicionales secciones de frescos asistidas: fruter\u00eda, charcuter\u00eda, carnicer\u00eda, pescader\u00eda y panader\u00eda. Adem\u00e1s, de las secciones de droguer\u00eda, bodega, refrescos, alimentaci\u00f3n general y conservas; y amplias zonas de productos refrigerados y congelados. En este centro se ha complementado la oferta al cliente con varios espacios dedicados a productos de menaje, peque\u00f1o electrodom\u00e9stico y textil-hogar,<\/p>\n<\/div>\n<p>Sus <strong>instalaciones son amplias, modernas y\u00a0eco-eficientes<\/strong>. Todos los materiales empleados en el acondicionamiento, la iluminaci\u00f3n y la climatizaci\u00f3n consiguen un consumo energ\u00e9tico inferior a una tienda convencional, mejorando la experiencia de compra de clientes y los espacios de trabajo para los trabajadores.<\/p>\n\n<p>Cuenta con publicidad din\u00e1mica a trav\u00e9s de pantallas Led, elevacestas, servicio a domicilio y convenio de parking para clientes con varios aparcamientos de la zona.<\/p>\n<\/div>\n<\/div>\n<\/div>\n<\/div>\n<\/div>\n<\/div>\n<\/div>\n<\/div>\n<\/div>\n<\/div>\n<\/div>\n<\/div>\n<\/div>\n<\/div>\n<\/div>\n<\/div>\n<\/div>\n<\/div>\n<\/div>\n<\/div>\n<\/div>\n<\/div>\n<\/div>\n<\/div>\n<\/div>\n<p style=\"text-align: justify;\">Este nuevo supermercado Froiz ocupa el mismo local que anteriormente gestionada Carrefour Market.\u00a0 Cuenta con una plantilla de 28 trabajadores. Su horario es continuo de lunes a s\u00e1bado.<\/p>\n<div class=\"yj6qo\" style=\"text-align: justify;\"><\/div>\n<\/div>\n","protected":false},"excerpt":{"rendered":"<p>Hoy se inaugura\u00a0un nuevo establecimiento Froiz en la ciudad de Ourense, que supone el supermercado\u00a0Froiz\u00a0n\u00famero\u00a010 en la localidad.\u00a0Est\u00e1 situado en la\u00a0calle Xos\u00e9 Ram\u00f3n Fern\u00e1ndez Oxea, n\u00ba 3\u00a0y cuenta con una sala de venta de 1.200 metros cuadrados. El supermercado dispone de las tradicionales secciones de frescos asistidas: fruter\u00eda, charcuter\u00eda, carnicer\u00eda, pescader\u00eda y panader\u00eda. Adem\u00e1s, de [&hellip;]<\/p>\n","protected":false},"author":1,"featured_media":25330,"comment_status":"open","ping_status":"open","sticky":false,"template":"","format":"standard","meta":{"_acf_changed":false,"footnotes":""},"categories":[31],"tags":[46],"class_list":["post-25329","post","type-post","status-publish","format-standard","has-post-thumbnail","hentry","category-instalaciones","tag-instalaciones"],"acf":[],"publishpress_future_workflow_manual_trigger":{"enabledWorkflows":[]},"_links":{"self":[{"href":"https:\/\/froiz.es\/gl\/wp-json\/wp\/v2\/posts\/25329","targetHints":{"allow":["GET"]}}],"collection":[{"href":"https:\/\/froiz.es\/gl\/wp-json\/wp\/v2\/posts"}],"about":[{"href":"https:\/\/froiz.es\/gl\/wp-json\/wp\/v2\/types\/post"}],"author":[{"embeddable":true,"href":"https:\/\/froiz.es\/gl\/wp-json\/wp\/v2\/users\/1"}],"replies":[{"embeddable":true,"href":"https:\/\/froiz.es\/gl\/wp-json\/wp\/v2\/comments?post=25329"}],"version-history":[{"count":0,"href":"https:\/\/froiz.es\/gl\/wp-json\/wp\/v2\/posts\/25329\/revisions"}],"wp:featuredmedia":[{"embeddable":true,"href":"https:\/\/froiz.es\/gl\/wp-json\/wp\/v2\/media\/25330"}],"wp:attachment":[{"href":"https:\/\/froiz.es\/gl\/wp-json\/wp\/v2\/media?parent=25329"}],"wp:term":[{"taxonomy":"category","embeddable":true,"href":"https:\/\/froiz.es\/gl\/wp-json\/wp\/v2\/categories?post=25329"},{"taxonomy":"post_tag","embeddable":true,"href":"https:\/\/froiz.es\/gl\/wp-json\/wp\/v2\/tags?post=25329"}],"curies":[{"name":"wp","href":"https:\/\/api.w.org\/{rel}","templated":true}]}}