{"id":25327,"date":"2018-04-12T07:00:34","date_gmt":"2018-04-12T05:00:34","guid":{"rendered":"https:\/\/froiz.devhub.es\/froiz-inaugura-su-tercer-supermercado-en-leon\/"},"modified":"2023-06-19T13:16:02","modified_gmt":"2023-06-19T11:16:02","slug":"froiz-inaugura-su-tercer-supermercado-en-leon","status":"publish","type":"post","link":"https:\/\/froiz.es\/gl\/froiz-inaugura-su-tercer-supermercado-en-leon\/","title":{"rendered":"Froiz inaugura su tercer supermercado en Le\u00f3n"},"content":{"rendered":"<p style=\"text-align: justify;\">La empresa <strong>Distribuciones Froiz<\/strong> abre hoy las puertas de un nuevo establecimiento\u00a0en la ciudad de Le\u00f3n, que supone el supermercado <strong>Froiz<\/strong> n\u00famero\u00a03 en la localidad.\u00a0Est\u00e1 situado en la<strong> Avda. Fern\u00e1ndez Ladreda, n\u00ba 42<\/strong> y cuenta con una sala de venta de 570 metros cuadrados.<\/p>\n<div id=\"u_0_i\" class=\"_li\">\n<div id=\"globalContainer\" class=\"uiContextualLayerParent\">\n<div id=\"content\" class=\"fb_content clearfix \" data-referrer=\"content\">\n<div>\n<div>\n<div class=\"clearfix\">\n<div class=\"_1qkq _1ql0\">\n<div id=\"content_container\">\n<div>\n<div class=\"clearfix\">\n<div id=\"js_1c\" class=\"_2pie _14i5 _1qkq _1qkx\">\n<div id=\"pagelet_timeline_main_column\">\n<div id=\"id_5a61b9de11edd8277403262\" data-referrer=\"id_5a61b9de11edd8277403262\">\n<div>\n<div id=\"u_jsonp_3_25\">\n<div class=\"_1xnd\">\n<div class=\"_1xnd\">\n<div class=\"_1xnd\">\n<div class=\"_4-u2 _3xaf _3-95 _4-u8\">\n<div class=\"_5va1 _427x\">\n<div id=\"u_19_1\" class=\"_4-u2 mbm _4mrt _5jmm _5pat _5v3q _4-u8\" data-ftr=\"1\" data-fte=\"1\" data-insertion-position=\"0\">\n<div id=\"u_19_b\" class=\"_3ccb\" data-gt=\"{&quot;type&quot;:&quot;click2canvas&quot;,&quot;fbsource&quot;:703,&quot;ref&quot;:&quot;nf_generic&quot;}\" data-ft=\"{&quot;tn&quot;:&quot;-R&quot;}\">\n<div class=\"_5pcr userContentWrapper\" data-ft=\"{&quot;tn&quot;:&quot;-R&quot;}\">\n<div class=\"_1dwg _1w_m _q7o\">\n<div>\n<div id=\"js_74\" class=\"_5pbx userContent _3576\" style=\"text-align: justify;\" data-ft=\"{&quot;tn&quot;:&quot;K&quot;}\">\n<p style=\"text-align: justify;\">Para ofrecer calidad a los mejores precios, la tienda dispone de las tradicionales secciones de frescos asistidas: fruter\u00eda, charcuter\u00eda, carnicer\u00eda, pescader\u00eda y panader\u00eda. La oferta al cliente se completa con las secciones de droguer\u00eda, bodega, refrescos, alimentaci\u00f3n general y conservas; adem\u00e1s de amplias zonas de productos refrigerados y congelados.<\/p>\n<\/div>\n<p style=\"text-align: justify;\">Sus instalaciones son amplias y<strong> eco-eficientes<\/strong>. Todos los materiales empleados en el acondicionamiento, la iluminaci\u00f3n y la climatizaci\u00f3n consiguen un consumo energ\u00e9tico inferior a una tienda convencional, mejorando la experiencia de compra de clientes y los espacios de trabajo para los trabajadores.<\/p>\n\n<div id=\"js_74\" class=\"_5pbx userContent _3576\" data-ft=\"{&quot;tn&quot;:&quot;K&quot;}\">\n<p style=\"text-align: justify;\">Dispone del servicio de<a href=\"https:\/\/www.froiz.com\/shop\/\" target=\"_blank\" rel=\"noopener\"><strong>\u00a0compra\u00a0por internet<\/strong><\/a>\u00a0a trav\u00e9s de la web del grupo\u00a0con gastos de env\u00edo gratis a partir de 100\u20ac y entregas de pedidos en el mismo d\u00eda\u00a0a Le\u00f3n ciudad y alrededores.<\/p>\n<p style=\"text-align: justify;\">Con este nuevo supermercado\u00a0se han creado 18\u00a0puestos de trabajo. Su horario es continuo de lunes a s\u00e1bado.<\/p>\n<\/div>\n<\/div>\n<\/div>\n<\/div>\n<\/div>\n<\/div>\n<\/div>\n<\/div>\n<\/div>\n<\/div>\n<\/div>\n<\/div>\n<\/div>\n<\/div>\n<\/div>\n<\/div>\n<\/div>\n<\/div>\n<\/div>\n<\/div>\n<\/div>\n<\/div>\n<\/div>\n<\/div>\n<\/div>\n<\/div>\n","protected":false},"excerpt":{"rendered":"<p>La empresa Distribuciones Froiz abre hoy las puertas de un nuevo establecimiento\u00a0en la ciudad de Le\u00f3n, que supone el supermercado Froiz n\u00famero\u00a03 en la localidad.\u00a0Est\u00e1 situado en la Avda. Fern\u00e1ndez Ladreda, n\u00ba 42 y cuenta con una sala de venta de 570 metros cuadrados. Para ofrecer calidad a los mejores precios, la tienda dispone de [&hellip;]<\/p>\n","protected":false},"author":1,"featured_media":25328,"comment_status":"open","ping_status":"open","sticky":false,"template":"","format":"standard","meta":{"_acf_changed":false,"footnotes":""},"categories":[31],"tags":[],"class_list":["post-25327","post","type-post","status-publish","format-standard","has-post-thumbnail","hentry","category-instalaciones"],"acf":[],"publishpress_future_workflow_manual_trigger":{"enabledWorkflows":[]},"_links":{"self":[{"href":"https:\/\/froiz.es\/gl\/wp-json\/wp\/v2\/posts\/25327","targetHints":{"allow":["GET"]}}],"collection":[{"href":"https:\/\/froiz.es\/gl\/wp-json\/wp\/v2\/posts"}],"about":[{"href":"https:\/\/froiz.es\/gl\/wp-json\/wp\/v2\/types\/post"}],"author":[{"embeddable":true,"href":"https:\/\/froiz.es\/gl\/wp-json\/wp\/v2\/users\/1"}],"replies":[{"embeddable":true,"href":"https:\/\/froiz.es\/gl\/wp-json\/wp\/v2\/comments?post=25327"}],"version-history":[{"count":0,"href":"https:\/\/froiz.es\/gl\/wp-json\/wp\/v2\/posts\/25327\/revisions"}],"wp:featuredmedia":[{"embeddable":true,"href":"https:\/\/froiz.es\/gl\/wp-json\/wp\/v2\/media\/25328"}],"wp:attachment":[{"href":"https:\/\/froiz.es\/gl\/wp-json\/wp\/v2\/media?parent=25327"}],"wp:term":[{"taxonomy":"category","embeddable":true,"href":"https:\/\/froiz.es\/gl\/wp-json\/wp\/v2\/categories?post=25327"},{"taxonomy":"post_tag","embeddable":true,"href":"https:\/\/froiz.es\/gl\/wp-json\/wp\/v2\/tags?post=25327"}],"curies":[{"name":"wp","href":"https:\/\/api.w.org\/{rel}","templated":true}]}}