{"id":25325,"date":"2018-03-08T10:11:49","date_gmt":"2018-03-08T09:11:49","guid":{"rendered":"https:\/\/froiz.devhub.es\/reformado-el-supermercado-froiz-de-malpica\/"},"modified":"2023-06-19T13:16:02","modified_gmt":"2023-06-19T11:16:02","slug":"reformado-el-supermercado-froiz-de-malpica","status":"publish","type":"post","link":"https:\/\/froiz.es\/gl\/reformado-el-supermercado-froiz-de-malpica\/","title":{"rendered":"Reformado el supermercado Froiz de Malpica"},"content":{"rendered":"<p style=\"text-align: justify;\">El supermercado Froiz de <strong>Malpica (A Coru\u00f1a)<\/strong> reabre sus puertas hoy, despu\u00e9s de haber sido reformado en su totalidad. El centro ha modernizado sus instalaciones para crear espacios m\u00e1s c\u00f3modos para trabajadores y clientes; ofreciendo la calidad de siempre, a los mejores precios.\u00a0Con esta reforma el establecimiento cuenta con instalaciones de climatizaci\u00f3n y refrigeraci\u00f3n eco-eficientes que reducen el impacto medioambiental y mejoran el ahorro energ\u00e9tico.<\/p>\n<p style=\"text-align: justify;\">Las tradicionales secciones de frescos: carnicer\u00eda, charcuter\u00eda, fruter\u00eda y panader\u00eda cuentan con sus respectivos obradores de trabajo; adem\u00e1s de los espacios dedicados a bodega, droguer\u00eda y alimentaci\u00f3n general.<\/p>\n<p style=\"text-align: justify;\">Dispone de\u00a0productos refrigerados y congelados. Su horario es continuo de lunes a s\u00e1bado y cuenta con servicio a domicilio. En \u00e9l trabajan 11 profesionales de la alimentaci\u00f3n para ofrecer el mejor servicio y atenci\u00f3n a los clientes.<\/p>\n\n","protected":false},"excerpt":{"rendered":"<p>El supermercado Froiz de Malpica (A Coru\u00f1a) reabre sus puertas hoy, despu\u00e9s de haber sido reformado en su totalidad. El centro ha modernizado sus instalaciones para crear espacios m\u00e1s c\u00f3modos para trabajadores y clientes; ofreciendo la calidad de siempre, a los mejores precios.\u00a0Con esta reforma el establecimiento cuenta con instalaciones de climatizaci\u00f3n y refrigeraci\u00f3n eco-eficientes [&hellip;]<\/p>\n","protected":false},"author":1,"featured_media":25326,"comment_status":"open","ping_status":"open","sticky":false,"template":"","format":"standard","meta":{"_acf_changed":false,"footnotes":""},"categories":[31],"tags":[],"class_list":["post-25325","post","type-post","status-publish","format-standard","has-post-thumbnail","hentry","category-instalaciones"],"acf":[],"publishpress_future_workflow_manual_trigger":{"enabledWorkflows":[]},"_links":{"self":[{"href":"https:\/\/froiz.es\/gl\/wp-json\/wp\/v2\/posts\/25325","targetHints":{"allow":["GET"]}}],"collection":[{"href":"https:\/\/froiz.es\/gl\/wp-json\/wp\/v2\/posts"}],"about":[{"href":"https:\/\/froiz.es\/gl\/wp-json\/wp\/v2\/types\/post"}],"author":[{"embeddable":true,"href":"https:\/\/froiz.es\/gl\/wp-json\/wp\/v2\/users\/1"}],"replies":[{"embeddable":true,"href":"https:\/\/froiz.es\/gl\/wp-json\/wp\/v2\/comments?post=25325"}],"version-history":[{"count":0,"href":"https:\/\/froiz.es\/gl\/wp-json\/wp\/v2\/posts\/25325\/revisions"}],"wp:featuredmedia":[{"embeddable":true,"href":"https:\/\/froiz.es\/gl\/wp-json\/wp\/v2\/media\/25326"}],"wp:attachment":[{"href":"https:\/\/froiz.es\/gl\/wp-json\/wp\/v2\/media?parent=25325"}],"wp:term":[{"taxonomy":"category","embeddable":true,"href":"https:\/\/froiz.es\/gl\/wp-json\/wp\/v2\/categories?post=25325"},{"taxonomy":"post_tag","embeddable":true,"href":"https:\/\/froiz.es\/gl\/wp-json\/wp\/v2\/tags?post=25325"}],"curies":[{"name":"wp","href":"https:\/\/api.w.org\/{rel}","templated":true}]}}