{"id":25323,"date":"2018-02-09T08:30:00","date_gmt":"2018-02-09T07:30:00","guid":{"rendered":"https:\/\/froiz.devhub.es\/presentacion-de-la-nueva-temporada-del-equipo-ciclista-super-froiz\/"},"modified":"2023-06-19T13:16:02","modified_gmt":"2023-06-19T11:16:02","slug":"presentacion-de-la-nueva-temporada-del-equipo-ciclista-super-froiz","status":"publish","type":"post","link":"https:\/\/froiz.es\/gl\/presentacion-de-la-nueva-temporada-del-equipo-ciclista-super-froiz\/","title":{"rendered":"Presentaci\u00f3n de la nueva temporada del equipo ciclista S\u00faper Froiz"},"content":{"rendered":"<p style=\"text-align: justify;\">El equipo ciclista S\u00faper Froiz present\u00f3 hoy a la prensa la temporada deportiva 2018. El acto tuvo lugar en la Diputaci\u00f3n de Pontevedra y cont\u00f3 como\u00a0padrinos de honor\u00a0a grandes figuras del ciclismo espa\u00f1ol como Perico Delgado, \u00d3scar Pereiro y \u00c1lvaro Pino. El S\u00faper Froiz\u00a0cumple este a\u00f1o su 30 aniversario\u00a0lo que lo convierte en uno de los equipos m\u00e1s longevos de la historia del ciclismo aficionado espa\u00f1ol.<\/p>\n<p style=\"text-align: justify;\">El presidente del Grupo Froiz, Mag\u00edn Alfredo Froiz, anim\u00f3 a los deportistas a \u00abseguir estudiando, trabajando y disfrutar del deporte\u00bb.\u00a018\u00a0ciclistas conforman la escuadra de este a\u00f1o con una media de 21 a\u00f1os; adem\u00e1s de los paral\u00edmpicos C\u00e9sar Neira y Jos\u00e9 Enrique Porto. Han estrenado equipaci\u00f3n donde los colores predominantes son\u00a0el rojo y el\u00a0negro. Sus citas deportivas ser\u00e1n las ya tradicionales: Copa de Espa\u00f1a, Vuelta a Toledo, Zamora y Galicia, entre otras.<\/p>\n\n","protected":false},"excerpt":{"rendered":"<p>El equipo ciclista S\u00faper Froiz present\u00f3 hoy a la prensa la temporada deportiva 2018. El acto tuvo lugar en la Diputaci\u00f3n de Pontevedra y cont\u00f3 como\u00a0padrinos de honor\u00a0a grandes figuras del ciclismo espa\u00f1ol como Perico Delgado, \u00d3scar Pereiro y \u00c1lvaro Pino. El S\u00faper Froiz\u00a0cumple este a\u00f1o su 30 aniversario\u00a0lo que lo convierte en uno de [&hellip;]<\/p>\n","protected":false},"author":1,"featured_media":25324,"comment_status":"open","ping_status":"open","sticky":false,"template":"","format":"standard","meta":{"_acf_changed":false,"footnotes":""},"categories":[15],"tags":[],"class_list":["post-25323","post","type-post","status-publish","format-standard","has-post-thumbnail","hentry","category-deporte"],"acf":[],"publishpress_future_workflow_manual_trigger":{"enabledWorkflows":[]},"_links":{"self":[{"href":"https:\/\/froiz.es\/gl\/wp-json\/wp\/v2\/posts\/25323","targetHints":{"allow":["GET"]}}],"collection":[{"href":"https:\/\/froiz.es\/gl\/wp-json\/wp\/v2\/posts"}],"about":[{"href":"https:\/\/froiz.es\/gl\/wp-json\/wp\/v2\/types\/post"}],"author":[{"embeddable":true,"href":"https:\/\/froiz.es\/gl\/wp-json\/wp\/v2\/users\/1"}],"replies":[{"embeddable":true,"href":"https:\/\/froiz.es\/gl\/wp-json\/wp\/v2\/comments?post=25323"}],"version-history":[{"count":0,"href":"https:\/\/froiz.es\/gl\/wp-json\/wp\/v2\/posts\/25323\/revisions"}],"wp:featuredmedia":[{"embeddable":true,"href":"https:\/\/froiz.es\/gl\/wp-json\/wp\/v2\/media\/25324"}],"wp:attachment":[{"href":"https:\/\/froiz.es\/gl\/wp-json\/wp\/v2\/media?parent=25323"}],"wp:term":[{"taxonomy":"category","embeddable":true,"href":"https:\/\/froiz.es\/gl\/wp-json\/wp\/v2\/categories?post=25323"},{"taxonomy":"post_tag","embeddable":true,"href":"https:\/\/froiz.es\/gl\/wp-json\/wp\/v2\/tags?post=25323"}],"curies":[{"name":"wp","href":"https:\/\/api.w.org\/{rel}","templated":true}]}}