{"id":25321,"date":"2018-01-19T09:32:59","date_gmt":"2018-01-19T08:32:59","guid":{"rendered":"https:\/\/froiz.devhub.es\/nuevo-supermercado-froiz-en-portugal-varzea-barcelos\/"},"modified":"2023-06-19T13:16:02","modified_gmt":"2023-06-19T11:16:02","slug":"nuevo-supermercado-froiz-en-portugal-varzea-barcelos","status":"publish","type":"post","link":"https:\/\/froiz.es\/gl\/nuevo-supermercado-froiz-en-portugal-varzea-barcelos\/","title":{"rendered":"Nuevo supermercado Froiz en Portugal, V\u00e1rzea (Barcelos)"},"content":{"rendered":"<p style=\"text-align: justify;\">La empresa abre hoy las puertas de un nuevo establecimiento Froiz en Portugal, que supone el supermercado n\u00famero 14 en el pa\u00eds vecino. Est\u00e1 situado en la localidad de Barcelos, Centro comercial V\u00e1rzea Shopping, y ocupa una superficie de 1.100 metros cuadrados.<\/p>\n<div id=\"u_0_i\" class=\"_li\">\n<div id=\"globalContainer\" class=\"uiContextualLayerParent\">\n<div id=\"content\" class=\"fb_content clearfix \" data-referrer=\"content\">\n<div>\n<div>\n<div class=\"clearfix\">\n<div class=\"_1qkq _1ql0\">\n<div id=\"content_container\">\n<div>\n<div class=\"clearfix\">\n<div id=\"js_1c\" class=\"_2pie _14i5 _1qkq _1qkx\">\n<div id=\"pagelet_timeline_main_column\">\n<div id=\"id_5a61b9de11edd8277403262\" data-referrer=\"id_5a61b9de11edd8277403262\">\n<div>\n<div id=\"u_jsonp_3_25\">\n<div class=\"_1xnd\">\n<div class=\"_1xnd\">\n<div class=\"_1xnd\">\n<div class=\"_4-u2 _3xaf _3-95 _4-u8\">\n<div class=\"_5va1 _427x\">\n<div id=\"u_19_1\" class=\"_4-u2 mbm _4mrt _5jmm _5pat _5v3q _4-u8\" data-ftr=\"1\" data-fte=\"1\" data-insertion-position=\"0\">\n<div id=\"u_19_b\" class=\"_3ccb\" data-gt=\"{&quot;type&quot;:&quot;click2canvas&quot;,&quot;fbsource&quot;:703,&quot;ref&quot;:&quot;nf_generic&quot;}\" data-ft=\"{&quot;tn&quot;:&quot;-R&quot;}\">\n<div class=\"_5pcr userContentWrapper\" data-ft=\"{&quot;tn&quot;:&quot;-R&quot;}\">\n<div class=\"_1dwg _1w_m _q7o\">\n<div>\n<div id=\"js_74\" class=\"_5pbx userContent _3576\" data-ft=\"{&quot;tn&quot;:&quot;K&quot;}\">\n<p style=\"text-align: justify;\">Cuenta con todas las secciones de frescos asistidas (fruter\u00eda, charcuter\u00eda, carnicer\u00eda, pescader\u00eda y panader\u00eda) y la tradicional cafeter\u00eda &#8220;Faster Coffee&#8221;, con mesas para que el cliente pueda consumir en el momento caf\u00e9 y productos de panader\u00eda. La oferta al cliente se completa con las secciones de droguer\u00eda, bodega, refrescos, alimentaci\u00f3n general y conservas; adem\u00e1s de amplias zonas de productos refrigerados y congelados.<\/p>\n<p style=\"text-align: justify;\">Dispone de servicio de compra online a trav\u00e9s de la web del grupo <a href=\"https:\/\/l.facebook.com\/l.php?u=https%3A%2F%2Floja.froiz.com%2F&amp;h=ATNbWKnXU5t6nUSdpjUc2YvL265_kvRCu3K8nrVKnE2GLYp8j6yjeB5E1v2FmhzqBO9GrBTPw3xqk1KAVr5CqBs_vvPbqbKV0hUeKa5pTapRiMmbTng0XqlAmTKCXB2nnxZtliDbFd-kTV4pnZvRQR2s5KFTDl9k6edUsd5-GrDTgDD_r_mrP3HLjX8R9G7NAgnQFKE91flkYlESSI8tvY1fkmq3Cg6kA3F1OS33UWf8iybXlyHsbAOx60toGwEI4MfDt3TVZ8s3oK8TFMqM4fvQUlJGKpUo_1JMQ4E\" target=\"_blank\" rel=\"nofollow noopener\" data-ft=\"{&quot;tn&quot;:&quot;-U&quot;}\" data-lynx-mode=\"hover\">https:\/\/loja.froiz.com\/<\/a>. Con este centro se han creado 17 nuevos puestos de trabajo.<\/p>\n\n<\/div>\n<\/div>\n<\/div>\n<\/div>\n<\/div>\n<\/div>\n<\/div>\n<\/div>\n<\/div>\n<\/div>\n<\/div>\n<\/div>\n<\/div>\n<\/div>\n<\/div>\n<\/div>\n<\/div>\n<\/div>\n<\/div>\n<\/div>\n<\/div>\n<\/div>\n<\/div>\n<\/div>\n<\/div>\n<\/div>\n","protected":false},"excerpt":{"rendered":"<p>La empresa abre hoy las puertas de un nuevo establecimiento Froiz en Portugal, que supone el supermercado n\u00famero 14 en el pa\u00eds vecino. Est\u00e1 situado en la localidad de Barcelos, Centro comercial V\u00e1rzea Shopping, y ocupa una superficie de 1.100 metros cuadrados. Cuenta con todas las secciones de frescos asistidas (fruter\u00eda, charcuter\u00eda, carnicer\u00eda, pescader\u00eda y [&hellip;]<\/p>\n","protected":false},"author":1,"featured_media":25322,"comment_status":"open","ping_status":"open","sticky":false,"template":"","format":"standard","meta":{"_acf_changed":false,"footnotes":""},"categories":[31],"tags":[],"class_list":["post-25321","post","type-post","status-publish","format-standard","has-post-thumbnail","hentry","category-instalaciones"],"acf":[],"publishpress_future_workflow_manual_trigger":{"enabledWorkflows":[]},"_links":{"self":[{"href":"https:\/\/froiz.es\/gl\/wp-json\/wp\/v2\/posts\/25321","targetHints":{"allow":["GET"]}}],"collection":[{"href":"https:\/\/froiz.es\/gl\/wp-json\/wp\/v2\/posts"}],"about":[{"href":"https:\/\/froiz.es\/gl\/wp-json\/wp\/v2\/types\/post"}],"author":[{"embeddable":true,"href":"https:\/\/froiz.es\/gl\/wp-json\/wp\/v2\/users\/1"}],"replies":[{"embeddable":true,"href":"https:\/\/froiz.es\/gl\/wp-json\/wp\/v2\/comments?post=25321"}],"version-history":[{"count":0,"href":"https:\/\/froiz.es\/gl\/wp-json\/wp\/v2\/posts\/25321\/revisions"}],"wp:featuredmedia":[{"embeddable":true,"href":"https:\/\/froiz.es\/gl\/wp-json\/wp\/v2\/media\/25322"}],"wp:attachment":[{"href":"https:\/\/froiz.es\/gl\/wp-json\/wp\/v2\/media?parent=25321"}],"wp:term":[{"taxonomy":"category","embeddable":true,"href":"https:\/\/froiz.es\/gl\/wp-json\/wp\/v2\/categories?post=25321"},{"taxonomy":"post_tag","embeddable":true,"href":"https:\/\/froiz.es\/gl\/wp-json\/wp\/v2\/tags?post=25321"}],"curies":[{"name":"wp","href":"https:\/\/api.w.org\/{rel}","templated":true}]}}