{"id":25317,"date":"2017-10-21T07:00:29","date_gmt":"2017-10-21T05:00:29","guid":{"rendered":"https:\/\/froiz.devhub.es\/froiz-traslada-su-plataforma-de-pescado-fresco-dentro-del-puerto-de-o-berbes-en-vigo\/"},"modified":"2023-06-19T13:16:01","modified_gmt":"2023-06-19T11:16:01","slug":"froiz-traslada-su-plataforma-de-pescado-fresco-dentro-del-puerto-de-o-berbes-en-vigo","status":"publish","type":"post","link":"https:\/\/froiz.es\/gl\/froiz-traslada-su-plataforma-de-pescado-fresco-dentro-del-puerto-de-o-berbes-en-vigo\/","title":{"rendered":"Froiz traslada su plataforma de pescado fresco dentro del puerto de O Berb\u00e9s, en Vigo"},"content":{"rendered":"<p style=\"text-align: justify;\">La empresa Froiz ha trasladado su plataforma log\u00edstica de pescado y marisco\u00a0fresco a unas nuevas instalaciones, m\u00e1s amplias, dentro del mismo puerto pesquero de O Berb\u00e9s en Vigo. La nueva nave est\u00e1 ubicada en la ampliaci\u00f3n del puerto, d\u00e1rsena 3, nave 15, y cuenta con unos 1.700 metros cuadrados.<\/p>\n<p style=\"text-align: justify;\">Est\u00e1 distribuida en 2 plantas. En la planta baja se encuentra un amplio espacio de trabajo de 900 metros cuadrados, adem\u00e1s de dos almacenes y una zona de expedici\u00f3n con 6 muelles de carga y descarga. En la planta superior se ubican las oficinas, vestuarios, y comedor.\u00a0En ella trabajan 34 profesionales del sector.<\/p>\n<p style=\"text-align: justify;\">Froiz apuesta por el ahorro energ\u00e9tico en sus instalaciones, por lo que esta nave incorpora innovaciones en refrigeraci\u00f3n y energ\u00eda solar. \u00a0Todos los materiales empleados en el acondicionamiento, la iluminaci\u00f3n y la climatizaci\u00f3n son eco-eficientes optimizando el consumo energ\u00e9tico. En la cubierta se han dispuesto de varios paneles solares lo que permite el aprovechamiento de la energ\u00eda procedente del sol y que sea autosuficiente en un 50%. En ella se centralizan las compras de pescado y marisco fresco\u00a0que se distribuyen diariamente a los m\u00e1s de 200 puntos de venta Froiz distribuidos en las comunidades de Galicia, Castilla-Le\u00f3n, Castilla La Mancha, y comunidad de Madrid; adem\u00e1s, de los situados en la zona norte de Portugal. El grupo Froiz cuenta con instalaciones en el puerto pesquero de O Berb\u00e9s de Vigo desde el a\u00f1o 2007.<\/p>\n<p style=\"text-align: justify;\">\n\n","protected":false},"excerpt":{"rendered":"<p>La empresa Froiz ha trasladado su plataforma log\u00edstica de pescado y marisco\u00a0fresco a unas nuevas instalaciones, m\u00e1s amplias, dentro del mismo puerto pesquero de O Berb\u00e9s en Vigo. La nueva nave est\u00e1 ubicada en la ampliaci\u00f3n del puerto, d\u00e1rsena 3, nave 15, y cuenta con unos 1.700 metros cuadrados. Est\u00e1 distribuida en 2 plantas. En [&hellip;]<\/p>\n","protected":false},"author":1,"featured_media":25582,"comment_status":"open","ping_status":"open","sticky":false,"template":"","format":"standard","meta":{"_acf_changed":false,"footnotes":""},"categories":[31],"tags":[],"class_list":["post-25317","post","type-post","status-publish","format-standard","has-post-thumbnail","hentry","category-instalaciones"],"acf":[],"publishpress_future_workflow_manual_trigger":{"enabledWorkflows":[]},"_links":{"self":[{"href":"https:\/\/froiz.es\/gl\/wp-json\/wp\/v2\/posts\/25317","targetHints":{"allow":["GET"]}}],"collection":[{"href":"https:\/\/froiz.es\/gl\/wp-json\/wp\/v2\/posts"}],"about":[{"href":"https:\/\/froiz.es\/gl\/wp-json\/wp\/v2\/types\/post"}],"author":[{"embeddable":true,"href":"https:\/\/froiz.es\/gl\/wp-json\/wp\/v2\/users\/1"}],"replies":[{"embeddable":true,"href":"https:\/\/froiz.es\/gl\/wp-json\/wp\/v2\/comments?post=25317"}],"version-history":[{"count":0,"href":"https:\/\/froiz.es\/gl\/wp-json\/wp\/v2\/posts\/25317\/revisions"}],"wp:featuredmedia":[{"embeddable":true,"href":"https:\/\/froiz.es\/gl\/wp-json\/wp\/v2\/media\/25582"}],"wp:attachment":[{"href":"https:\/\/froiz.es\/gl\/wp-json\/wp\/v2\/media?parent=25317"}],"wp:term":[{"taxonomy":"category","embeddable":true,"href":"https:\/\/froiz.es\/gl\/wp-json\/wp\/v2\/categories?post=25317"},{"taxonomy":"post_tag","embeddable":true,"href":"https:\/\/froiz.es\/gl\/wp-json\/wp\/v2\/tags?post=25317"}],"curies":[{"name":"wp","href":"https:\/\/api.w.org\/{rel}","templated":true}]}}