{"id":25314,"date":"2017-07-27T07:33:22","date_gmt":"2017-07-27T05:33:22","guid":{"rendered":"https:\/\/froiz.devhub.es\/magin-alfredo-froiz-planes-recibe-la-medalla-al-merito-en-el-trabajo\/"},"modified":"2023-06-19T13:16:00","modified_gmt":"2023-06-19T11:16:00","slug":"magin-alfredo-froiz-planes-recibe-la-medalla-al-merito-en-el-trabajo","status":"publish","type":"post","link":"https:\/\/froiz.es\/gl\/magin-alfredo-froiz-planes-recibe-la-medalla-al-merito-en-el-trabajo\/","title":{"rendered":"Mag\u00edn Alfredo Froiz Planes recibe la Medalla al  m\u00e9rito en el Trabajo"},"content":{"rendered":"<p style=\"text-align: justify;\">El presidente y fundador del Grupo Froiz, <strong>Mag\u00edn Alfredo Froiz Planes,<\/strong> recibi\u00f3 hoy,\u00a027 de julio, en La Moncloa, de manos del presidente del Gobierno, la medalla de Oro al m\u00e9rito en el Trabajo.<\/p>\n<p style=\"text-align: justify;\">Con esta distinci\u00f3n el Gobierno ha querido premiar y destacar el m\u00e9rito de una conducta socialmente \u00fatil y ejemplar en el desempe\u00f1o de su trabajo.<\/p>\n<p style=\"text-align: justify;\"><strong>El empresario dio las gracias a todos los clientes que han confiado en el Grupo Froiz durante estos casi 50 a\u00f1os de trayectoria empresarial y,<\/strong> por supuesto, a los m\u00e1s de 5.000 profesionales que componen actualmente la empresa \u201cpor su ejemplo diario\u201d. Tambi\u00e9n a proveedores, colaboradores, a su familia, a su mujer, y a sus padres y profesores.<\/p>\n<p style=\"text-align: justify;\">Adem\u00e1s, agradeci\u00f3 al Consejo de Ministros la concesi\u00f3n de \u201ceste reconocimiento que agradezco much\u00edsimo aunque creo que no me lo merezco\u201d.<\/p>\n<p style=\"text-align: justify;\">Por su parte, el presidente del Gobierno indic\u00f3 que empresarios como Mag\u00edn Alfredo Froiz crean pa\u00eds, \u201cun pa\u00eds con valores y que valora el trabajo, el af\u00e1n de superaci\u00f3n y el esfuerzo compartido&#8221;. La obligaci\u00f3n del Gobierno, ha agregado el jefe del Ejecutivo, es reconocer esos m\u00e9ritos en nombre de todos los espa\u00f1oles.<\/p>\n<p>http:\/\/www.slaterpharmacy.com\/cialis\/<\/p>\n","protected":false},"excerpt":{"rendered":"<p>El presidente y fundador del Grupo Froiz, Mag\u00edn Alfredo Froiz Planes, recibi\u00f3 hoy,\u00a027 de julio, en La Moncloa, de manos del presidente del Gobierno, la medalla de Oro al m\u00e9rito en el Trabajo. Con esta distinci\u00f3n el Gobierno ha querido premiar y destacar el m\u00e9rito de una conducta socialmente \u00fatil y ejemplar en el desempe\u00f1o [&hellip;]<\/p>\n","protected":false},"author":1,"featured_media":0,"comment_status":"open","ping_status":"open","sticky":false,"template":"","format":"standard","meta":{"_acf_changed":false,"footnotes":""},"categories":[33],"tags":[],"class_list":["post-25314","post","type-post","status-publish","format-standard","hentry","category-reconocimientos"],"acf":[],"publishpress_future_workflow_manual_trigger":{"enabledWorkflows":[]},"_links":{"self":[{"href":"https:\/\/froiz.es\/gl\/wp-json\/wp\/v2\/posts\/25314","targetHints":{"allow":["GET"]}}],"collection":[{"href":"https:\/\/froiz.es\/gl\/wp-json\/wp\/v2\/posts"}],"about":[{"href":"https:\/\/froiz.es\/gl\/wp-json\/wp\/v2\/types\/post"}],"author":[{"embeddable":true,"href":"https:\/\/froiz.es\/gl\/wp-json\/wp\/v2\/users\/1"}],"replies":[{"embeddable":true,"href":"https:\/\/froiz.es\/gl\/wp-json\/wp\/v2\/comments?post=25314"}],"version-history":[{"count":0,"href":"https:\/\/froiz.es\/gl\/wp-json\/wp\/v2\/posts\/25314\/revisions"}],"wp:attachment":[{"href":"https:\/\/froiz.es\/gl\/wp-json\/wp\/v2\/media?parent=25314"}],"wp:term":[{"taxonomy":"category","embeddable":true,"href":"https:\/\/froiz.es\/gl\/wp-json\/wp\/v2\/categories?post=25314"},{"taxonomy":"post_tag","embeddable":true,"href":"https:\/\/froiz.es\/gl\/wp-json\/wp\/v2\/tags?post=25314"}],"curies":[{"name":"wp","href":"https:\/\/api.w.org\/{rel}","templated":true}]}}