{"id":25308,"date":"2017-07-13T08:23:46","date_gmt":"2017-07-13T06:23:46","guid":{"rendered":"https:\/\/froiz.devhub.es\/apertura-del-segundo-supermercado-froiz-en-ponferrada\/"},"modified":"2023-06-19T13:15:59","modified_gmt":"2023-06-19T11:15:59","slug":"apertura-del-segundo-supermercado-froiz-en-ponferrada","status":"publish","type":"post","link":"https:\/\/froiz.es\/gl\/apertura-del-segundo-supermercado-froiz-en-ponferrada\/","title":{"rendered":"Apertura del segundo supermercado Froiz en Ponferrada"},"content":{"rendered":"<p class=\"p1\"><span class=\"s1\">Hoy se inaugura el segundo supermercado Froiz en la localidad leonesa de Ponferrada, ubicado en la Plaza Fernando Miranda, n\u00ba 9.<\/span><\/p>\n<p class=\"p1\"><span class=\"s1\">Este nuevo supermercado cuenta con 500 metros cuadrados de sala de ventas y todas las secciones de frescos: carnicer\u00eda, charcuter\u00eda, fruter\u00eda y pescader\u00eda asistidas por personal cualificado; adem\u00e1s de bodega, droguer\u00eda y amplias zonas de refrigerados y congelados.<\/span><\/p>\n<p class=\"p1\"><span class=\"s1\">Con estas nuevas instalaciones, m\u00e1s amplias y modernas, la empresa Froiz quiere mejorar la experiencia de compra de los bercianos con dos establecimientos del grupo en la ciudad. El segundo, que abri\u00f3 en 2015, est\u00e1 ubicado en la Avda. de Asturias, n\u00ba 112.<\/span><\/p>\n<p class=\"p1\"><span class=\"s1\">El nuevo establecimiento tiene horario continuo de lunes a s\u00e1bado y en \u00e9l trabajan 16 profesionales de la alimentaci\u00f3n.<\/span><\/p>\n<p class=\"p1\"><span class=\"s1\">Cuenta con el servicio de compra online a trav\u00e9s de la web del grupo <a href=\"http:\/\/www.froiz.com\/shop\" target=\"_blank\" rel=\"noopener\"><span class=\"s2\">www.froiz.com\/shop<\/span><\/a> con env\u00edo a toda la ciudad y alrededores.<\/span><\/p>\n\n","protected":false},"excerpt":{"rendered":"<p>Hoy se inaugura el segundo supermercado Froiz en la localidad leonesa de Ponferrada, ubicado en la Plaza Fernando Miranda, n\u00ba 9. Este nuevo supermercado cuenta con 500 metros cuadrados de sala de ventas y todas las secciones de frescos: carnicer\u00eda, charcuter\u00eda, fruter\u00eda y pescader\u00eda asistidas por personal cualificado; adem\u00e1s de bodega, droguer\u00eda y amplias zonas [&hellip;]<\/p>\n","protected":false},"author":1,"featured_media":25309,"comment_status":"open","ping_status":"open","sticky":false,"template":"","format":"standard","meta":{"_acf_changed":false,"footnotes":""},"categories":[31],"tags":[49],"class_list":["post-25308","post","type-post","status-publish","format-standard","has-post-thumbnail","hentry","category-instalaciones","tag-ponferrada"],"acf":[],"publishpress_future_workflow_manual_trigger":{"enabledWorkflows":[]},"_links":{"self":[{"href":"https:\/\/froiz.es\/gl\/wp-json\/wp\/v2\/posts\/25308","targetHints":{"allow":["GET"]}}],"collection":[{"href":"https:\/\/froiz.es\/gl\/wp-json\/wp\/v2\/posts"}],"about":[{"href":"https:\/\/froiz.es\/gl\/wp-json\/wp\/v2\/types\/post"}],"author":[{"embeddable":true,"href":"https:\/\/froiz.es\/gl\/wp-json\/wp\/v2\/users\/1"}],"replies":[{"embeddable":true,"href":"https:\/\/froiz.es\/gl\/wp-json\/wp\/v2\/comments?post=25308"}],"version-history":[{"count":0,"href":"https:\/\/froiz.es\/gl\/wp-json\/wp\/v2\/posts\/25308\/revisions"}],"wp:featuredmedia":[{"embeddable":true,"href":"https:\/\/froiz.es\/gl\/wp-json\/wp\/v2\/media\/25309"}],"wp:attachment":[{"href":"https:\/\/froiz.es\/gl\/wp-json\/wp\/v2\/media?parent=25308"}],"wp:term":[{"taxonomy":"category","embeddable":true,"href":"https:\/\/froiz.es\/gl\/wp-json\/wp\/v2\/categories?post=25308"},{"taxonomy":"post_tag","embeddable":true,"href":"https:\/\/froiz.es\/gl\/wp-json\/wp\/v2\/tags?post=25308"}],"curies":[{"name":"wp","href":"https:\/\/api.w.org\/{rel}","templated":true}]}}