{"id":25305,"date":"2017-06-09T15:22:58","date_gmt":"2017-06-09T13:22:58","guid":{"rendered":"https:\/\/froiz.devhub.es\/magin-alfredo-froiz-planes-medalla-de-oro-al-merito-en-el-trabajo-2017\/"},"modified":"2023-06-19T13:15:58","modified_gmt":"2023-06-19T11:15:58","slug":"magin-alfredo-froiz-planes-medalla-de-oro-al-merito-en-el-trabajo-2017","status":"publish","type":"post","link":"https:\/\/froiz.es\/gl\/magin-alfredo-froiz-planes-medalla-de-oro-al-merito-en-el-trabajo-2017\/","title":{"rendered":"Mag\u00edn Alfredo Froiz Planes, medalla de oro al M\u00e9rito en el Trabajo 2017"},"content":{"rendered":"<p style=\"text-align: justify;\">El Consejo de Ministros ha aprobado hoy, a propuesta de la ministra de Empleo y Seguridad Social, F\u00e1tima B\u00e1\u00f1ez, la concesi\u00f3n de la medalla de oro al M\u00e9rito al Trabajo a Mag\u00edn Alfredo Froiz Planes, empresario y fundador del grupo Froiz.<\/p>\n<p style=\"text-align: justify;\">Este galard\u00f3n, de acuerdo con la nota enviada por el Gobierno, se concede con el fin de premiar y destacar el m\u00e9rito de una conducta socialmente \u00fatil y ejemplar en el desempe\u00f1o de los deberes que impone el ejercicio de cualquier trabajo, profesi\u00f3n o servicio.<\/p>\n<p style=\"text-align: justify;\">Mag\u00edn Alfredo Froiz Planes, naci\u00f3 en Barbastro (Huesca) en 1943,\u00a0y con tan solo 24 a\u00f1os, en 1968, se hizo cargo del traspaso de un peque\u00f1o supermercado de la calle Cobi\u00e1n Roffignac, en la ciudad de Pontevedra. Durante una trayectoria de casi cincuenta a\u00f1os de andadura empresarial, el Grupo Froiz ha creado m\u00e1s de 5.000 puestos de trabajo. En la actualidad, cuenta con 310 puntos de venta en Espa\u00f1a y Portugal y en 2016 factur\u00f3 605 millones de euros (sin iva).<\/p>\n<p style=\"text-align: justify;\">Desde su fundaci\u00f3n, el objetivo empresarial del grupo siempre ha sido ofrecer a los clientes la mejor calidad a los mejores precios, con un buen servicio y atenci\u00f3n, en centros de proximidad.<\/p>\n<p><a href=\"http:\/\/www.canadianpharmacy365.net\/product\/cialis\/\" target=\"_blank\" rel=\"noopener\">http:\/\/www.canadianpharmacy365.net\/<\/a><\/p>\n<p>&nbsp;<\/p>\n","protected":false},"excerpt":{"rendered":"<p>El Consejo de Ministros ha aprobado hoy, a propuesta de la ministra de Empleo y Seguridad Social, F\u00e1tima B\u00e1\u00f1ez, la concesi\u00f3n de la medalla de oro al M\u00e9rito al Trabajo a Mag\u00edn Alfredo Froiz Planes, empresario y fundador del grupo Froiz. Este galard\u00f3n, de acuerdo con la nota enviada por el Gobierno, se concede con [&hellip;]<\/p>\n","protected":false},"author":1,"featured_media":0,"comment_status":"open","ping_status":"open","sticky":false,"template":"","format":"standard","meta":{"_acf_changed":false,"footnotes":""},"categories":[33],"tags":[],"class_list":["post-25305","post","type-post","status-publish","format-standard","hentry","category-reconocimientos"],"acf":[],"publishpress_future_workflow_manual_trigger":{"enabledWorkflows":[]},"_links":{"self":[{"href":"https:\/\/froiz.es\/gl\/wp-json\/wp\/v2\/posts\/25305","targetHints":{"allow":["GET"]}}],"collection":[{"href":"https:\/\/froiz.es\/gl\/wp-json\/wp\/v2\/posts"}],"about":[{"href":"https:\/\/froiz.es\/gl\/wp-json\/wp\/v2\/types\/post"}],"author":[{"embeddable":true,"href":"https:\/\/froiz.es\/gl\/wp-json\/wp\/v2\/users\/1"}],"replies":[{"embeddable":true,"href":"https:\/\/froiz.es\/gl\/wp-json\/wp\/v2\/comments?post=25305"}],"version-history":[{"count":0,"href":"https:\/\/froiz.es\/gl\/wp-json\/wp\/v2\/posts\/25305\/revisions"}],"wp:attachment":[{"href":"https:\/\/froiz.es\/gl\/wp-json\/wp\/v2\/media?parent=25305"}],"wp:term":[{"taxonomy":"category","embeddable":true,"href":"https:\/\/froiz.es\/gl\/wp-json\/wp\/v2\/categories?post=25305"},{"taxonomy":"post_tag","embeddable":true,"href":"https:\/\/froiz.es\/gl\/wp-json\/wp\/v2\/tags?post=25305"}],"curies":[{"name":"wp","href":"https:\/\/api.w.org\/{rel}","templated":true}]}}