{"id":25299,"date":"2017-04-17T12:21:34","date_gmt":"2017-04-17T10:21:34","guid":{"rendered":"https:\/\/froiz.devhub.es\/campana-de-los-productos-del-ano-en-froiz\/"},"modified":"2023-06-19T13:15:58","modified_gmt":"2023-06-19T11:15:58","slug":"campana-de-los-productos-del-ano-en-froiz","status":"publish","type":"post","link":"https:\/\/froiz.es\/gl\/campana-de-los-productos-del-ano-en-froiz\/","title":{"rendered":"Campa\u00f1a de los Productos del A\u00f1o en Froiz"},"content":{"rendered":"<p style=\"text-align: justify;\">Durante m\u00e1s de un mes en todas las tiendas Froiz de Espa\u00f1a los consumidores podr\u00e1n encontrar a la venta los productos elegidos por m\u00e1s de 10.000 consumidores como \u201cProductos del A\u00f1o\u201d en Espa\u00f1a 2017 y tambi\u00e9n los que destacan\u00a0\u00a0por su innovaci\u00f3n, como valor diferencial. El surtido est\u00e1 compuesto por m\u00e1s de una treintena de art\u00edculos que van desde productos de droguer\u00eda, a boller\u00eda y alimentaci\u00f3n.<\/p>\n<p style=\"text-align: justify;\">Est\u00e1n perfectamente se\u00f1alizados a trav\u00e9s de stoppers y carteler\u00eda espec\u00edfica. Adem\u00e1s, en nuestra p\u00e1gina web existe un apartado dedicado a este <a href=\"https:\/\/www.froiz.com\/shop\/promoano\/\" target=\"_blank\" rel=\"noopener\">sello<\/a>.<\/p>\n<p style=\"text-align: justify;\"><img fetchpriority=\"high\" decoding=\"async\" class=\"alignnone wp-image-5173 size-large\" src=\"https:\/\/www.froiz.com\/wp-content\/uploads\/2017\/04\/SUPER-Abril-08-265x374.jpg\" alt=\"SUPER Abril 08-09.cdr\" width=\"265\" height=\"374\" \/> <img decoding=\"async\" class=\"alignnone wp-image-5174 size-large\" src=\"https:\/\/www.froiz.com\/wp-content\/uploads\/2017\/04\/SUPER-Abril-09-265x374.jpg\" alt=\"SUPER Abril 08-09.cdr\" width=\"265\" height=\"374\" \/><br \/>\nEl Producto del A\u00f1o, que fue creado en Francia en 1987 y actualmente se celebra en m\u00e1s de 35 pa\u00edses en todo el mundo, tiene un doble objetivo. En primer lugar dar la voz al consumidor sobre los nuevos productos que se lanzan cada a\u00f1o al mercado para convertirse en una garant\u00eda de los mismos y en segundo lugar reconocer a las marcas que m\u00e1s apuestan por la calidad y la innovaci\u00f3n.<\/p>\n","protected":false},"excerpt":{"rendered":"<p>Durante m\u00e1s de un mes en todas las tiendas Froiz de Espa\u00f1a los consumidores podr\u00e1n encontrar a la venta los productos elegidos por m\u00e1s de 10.000 consumidores como \u201cProductos del A\u00f1o\u201d en Espa\u00f1a 2017 y tambi\u00e9n los que destacan\u00a0\u00a0por su innovaci\u00f3n, como valor diferencial. El surtido est\u00e1 compuesto por m\u00e1s de una treintena de art\u00edculos [&hellip;]<\/p>\n","protected":false},"author":1,"featured_media":25300,"comment_status":"open","ping_status":"open","sticky":false,"template":"","format":"standard","meta":{"_acf_changed":false,"footnotes":""},"categories":[32],"tags":[47],"class_list":["post-25299","post","type-post","status-publish","format-standard","has-post-thumbnail","hentry","category-novedades","tag-innovacionsurtido"],"acf":[],"publishpress_future_workflow_manual_trigger":{"enabledWorkflows":[]},"_links":{"self":[{"href":"https:\/\/froiz.es\/gl\/wp-json\/wp\/v2\/posts\/25299","targetHints":{"allow":["GET"]}}],"collection":[{"href":"https:\/\/froiz.es\/gl\/wp-json\/wp\/v2\/posts"}],"about":[{"href":"https:\/\/froiz.es\/gl\/wp-json\/wp\/v2\/types\/post"}],"author":[{"embeddable":true,"href":"https:\/\/froiz.es\/gl\/wp-json\/wp\/v2\/users\/1"}],"replies":[{"embeddable":true,"href":"https:\/\/froiz.es\/gl\/wp-json\/wp\/v2\/comments?post=25299"}],"version-history":[{"count":0,"href":"https:\/\/froiz.es\/gl\/wp-json\/wp\/v2\/posts\/25299\/revisions"}],"wp:featuredmedia":[{"embeddable":true,"href":"https:\/\/froiz.es\/gl\/wp-json\/wp\/v2\/media\/25300"}],"wp:attachment":[{"href":"https:\/\/froiz.es\/gl\/wp-json\/wp\/v2\/media?parent=25299"}],"wp:term":[{"taxonomy":"category","embeddable":true,"href":"https:\/\/froiz.es\/gl\/wp-json\/wp\/v2\/categories?post=25299"},{"taxonomy":"post_tag","embeddable":true,"href":"https:\/\/froiz.es\/gl\/wp-json\/wp\/v2\/tags?post=25299"}],"curies":[{"name":"wp","href":"https:\/\/api.w.org\/{rel}","templated":true}]}}