{"id":25297,"date":"2017-03-23T09:12:31","date_gmt":"2017-03-23T08:12:31","guid":{"rendered":"https:\/\/froiz.devhub.es\/reformado-el-supermercado-froiz-de-cuellar-segovia\/"},"modified":"2023-06-19T13:15:58","modified_gmt":"2023-06-19T11:15:58","slug":"reformado-el-supermercado-froiz-de-cuellar-segovia","status":"publish","type":"post","link":"https:\/\/froiz.es\/gl\/reformado-el-supermercado-froiz-de-cuellar-segovia\/","title":{"rendered":"Reformado el supermercado Froiz de Cu\u00e9llar (Segovia)"},"content":{"rendered":"<p style=\"text-align: justify;\">El supermercado Froiz de la localidad de Cu\u00e9llar (Segovia) abre sus puertas hoy, despu\u00e9s de que se hayan realizado distintas obras de reforma. El centro ha ampliado su superficie de sala de ventas y ha modernizado las instalaciones para crear espacios m\u00e1s c\u00f3modos para trabajadores y clientes; ofreciendo la calidad de siempre, a los mejores precios.<\/p>\n<p><img fetchpriority=\"high\" decoding=\"async\" class=\"alignnone wp-image-4985 size-large\" src=\"https:\/\/www.froiz.com\/wp-content\/uploads\/2017\/03\/20170322_192103-499x374.jpg\" alt=\"20170322_192103\" width=\"499\" height=\"374\" \/><\/p>\n<p style=\"text-align: justify;\">Cuenta con todas las secciones de frescos: carnicer\u00eda, pescader\u00eda, charcuter\u00eda y fruter\u00eda con sus respectivos obradores de trabajo; adem\u00e1s de los espacios dedicados a bodega, droguer\u00eda y alimentaci\u00f3n general. Dispone de obrador de pan y una amplia zona de productos refrigerados y congelados.<br \/>\nSu horario es continuo de 9:00 a 21:30h. En \u00e9l trabajan 18 profesionales de la alimentaci\u00f3n para ofrecer el mejor servicio y atenci\u00f3n a los clientes.<\/p>\n<p style=\"text-align: justify;\"><img decoding=\"async\" class=\"alignnone wp-image-4986 size-large\" src=\"https:\/\/www.froiz.com\/wp-content\/uploads\/2017\/03\/20170322_191532-499x374.jpg\" alt=\"20170322_191532\" width=\"499\" height=\"374\" \/><\/p>\n<p style=\"text-align: justify;\">\n","protected":false},"excerpt":{"rendered":"<p>El supermercado Froiz de la localidad de Cu\u00e9llar (Segovia) abre sus puertas hoy, despu\u00e9s de que se hayan realizado distintas obras de reforma. El centro ha ampliado su superficie de sala de ventas y ha modernizado las instalaciones para crear espacios m\u00e1s c\u00f3modos para trabajadores y clientes; ofreciendo la calidad de siempre, a los mejores [&hellip;]<\/p>\n","protected":false},"author":1,"featured_media":25298,"comment_status":"open","ping_status":"open","sticky":false,"template":"","format":"standard","meta":{"_acf_changed":false,"footnotes":""},"categories":[31],"tags":[46],"class_list":["post-25297","post","type-post","status-publish","format-standard","has-post-thumbnail","hentry","category-instalaciones","tag-instalaciones"],"acf":[],"publishpress_future_workflow_manual_trigger":{"enabledWorkflows":[]},"_links":{"self":[{"href":"https:\/\/froiz.es\/gl\/wp-json\/wp\/v2\/posts\/25297","targetHints":{"allow":["GET"]}}],"collection":[{"href":"https:\/\/froiz.es\/gl\/wp-json\/wp\/v2\/posts"}],"about":[{"href":"https:\/\/froiz.es\/gl\/wp-json\/wp\/v2\/types\/post"}],"author":[{"embeddable":true,"href":"https:\/\/froiz.es\/gl\/wp-json\/wp\/v2\/users\/1"}],"replies":[{"embeddable":true,"href":"https:\/\/froiz.es\/gl\/wp-json\/wp\/v2\/comments?post=25297"}],"version-history":[{"count":0,"href":"https:\/\/froiz.es\/gl\/wp-json\/wp\/v2\/posts\/25297\/revisions"}],"wp:featuredmedia":[{"embeddable":true,"href":"https:\/\/froiz.es\/gl\/wp-json\/wp\/v2\/media\/25298"}],"wp:attachment":[{"href":"https:\/\/froiz.es\/gl\/wp-json\/wp\/v2\/media?parent=25297"}],"wp:term":[{"taxonomy":"category","embeddable":true,"href":"https:\/\/froiz.es\/gl\/wp-json\/wp\/v2\/categories?post=25297"},{"taxonomy":"post_tag","embeddable":true,"href":"https:\/\/froiz.es\/gl\/wp-json\/wp\/v2\/tags?post=25297"}],"curies":[{"name":"wp","href":"https:\/\/api.w.org\/{rel}","templated":true}]}}