{"id":25294,"date":"2017-02-17T14:03:28","date_gmt":"2017-02-17T13:03:28","guid":{"rendered":"https:\/\/froiz.devhub.es\/presentacion-temporada-deportiva-2017-del-equipo-ciclista-super-froiz\/"},"modified":"2023-06-19T13:15:57","modified_gmt":"2023-06-19T11:15:57","slug":"presentacion-temporada-deportiva-2017-del-equipo-ciclista-super-froiz","status":"publish","type":"post","link":"https:\/\/froiz.es\/gl\/presentacion-temporada-deportiva-2017-del-equipo-ciclista-super-froiz\/","title":{"rendered":"Presentaci\u00f3n temporada deportiva 2017 del equipo ciclista S\u00faper Froiz"},"content":{"rendered":"<p style=\"text-align: justify;\">El equipo S\u00faper Froiz present\u00f3 hoy a la prensa la temporada deportiva 2017. El acto tuvo lugar en la Diputaci\u00f3n de Pontevedra y cont\u00f3 con el apoyo de distintas instituciones como la propia Diputaci\u00f3n, los ayuntamientos de Pontevedra y Poio y la Federaci\u00f3n Gallega de ciclismo. Mag\u00edn Froiz anim\u00f3 a los deportistas a \u00abseguir estudiando, trabajando y disfrutar del deporte\u00bb.<\/p>\n<p style=\"text-align: justify;\">16 ciclistas conforman la escuadra de este a\u00f1o, entre los que se encuentran\u00a0uno de nacionalidad portuguesa y otro venezolana. Han estrenado equipaci\u00f3n donde los colores predominantes son\u00a0el rojo y el\u00a0negro. Sus citas deportivas ser\u00e1n las ya tradicionales: Copa de Espa\u00f1a, el 50 Circuito del Guadiana, Vuelta a Toledo, Zamora y Galicia, entre otras. El padrino de este a\u00f1o fue el tambi\u00e9n ciclista gallego Ezequiel Mosquera.<\/p>\n<p style=\"text-align: justify;\">El equipo cumple este a\u00f1o 29 temporadas en activo, lo que lo convierte en uno de los equipos m\u00e1s longevos de la historia del ciclismo espa\u00f1ol, profesionales incluidos. M\u00e1s info <a href=\"http:\/\/goo.gl\/0v6jSz\" target=\"_blank\" rel=\"nofollow noopener\"><u><span style=\"color: #0066cc;\">goo.gl\/0v6jSz<\/span><\/u><\/a><\/p>\n<p><a href=\"http:\/\/welcoome.club\/gde-pokushat\/top10-luchshych-restoranov-kieva\/\" target=\"_blank\" rel=\"noopener\">\u043b\u0443\u0447\u0448\u0438\u0435 \u0440\u0435\u0441\u0442\u043e\u0440\u0430\u043d\u044b \u043a\u0438\u0435\u0432\u0430<\/a><\/p>\n","protected":false},"excerpt":{"rendered":"<p>El equipo S\u00faper Froiz present\u00f3 hoy a la prensa la temporada deportiva 2017. El acto tuvo lugar en la Diputaci\u00f3n de Pontevedra y cont\u00f3 con el apoyo de distintas instituciones como la propia Diputaci\u00f3n, los ayuntamientos de Pontevedra y Poio y la Federaci\u00f3n Gallega de ciclismo. Mag\u00edn Froiz anim\u00f3 a los deportistas a \u00abseguir estudiando, [&hellip;]<\/p>\n","protected":false},"author":1,"featured_media":25295,"comment_status":"open","ping_status":"open","sticky":false,"template":"","format":"standard","meta":{"_acf_changed":false,"footnotes":""},"categories":[15],"tags":[44],"class_list":["post-25294","post","type-post","status-publish","format-standard","has-post-thumbnail","hentry","category-deporte","tag-deporte"],"acf":[],"publishpress_future_workflow_manual_trigger":{"enabledWorkflows":[]},"_links":{"self":[{"href":"https:\/\/froiz.es\/gl\/wp-json\/wp\/v2\/posts\/25294","targetHints":{"allow":["GET"]}}],"collection":[{"href":"https:\/\/froiz.es\/gl\/wp-json\/wp\/v2\/posts"}],"about":[{"href":"https:\/\/froiz.es\/gl\/wp-json\/wp\/v2\/types\/post"}],"author":[{"embeddable":true,"href":"https:\/\/froiz.es\/gl\/wp-json\/wp\/v2\/users\/1"}],"replies":[{"embeddable":true,"href":"https:\/\/froiz.es\/gl\/wp-json\/wp\/v2\/comments?post=25294"}],"version-history":[{"count":0,"href":"https:\/\/froiz.es\/gl\/wp-json\/wp\/v2\/posts\/25294\/revisions"}],"wp:featuredmedia":[{"embeddable":true,"href":"https:\/\/froiz.es\/gl\/wp-json\/wp\/v2\/media\/25295"}],"wp:attachment":[{"href":"https:\/\/froiz.es\/gl\/wp-json\/wp\/v2\/media?parent=25294"}],"wp:term":[{"taxonomy":"category","embeddable":true,"href":"https:\/\/froiz.es\/gl\/wp-json\/wp\/v2\/categories?post=25294"},{"taxonomy":"post_tag","embeddable":true,"href":"https:\/\/froiz.es\/gl\/wp-json\/wp\/v2\/tags?post=25294"}],"curies":[{"name":"wp","href":"https:\/\/api.w.org\/{rel}","templated":true}]}}