{"id":25285,"date":"2016-02-25T11:36:29","date_gmt":"2016-02-25T10:36:29","guid":{"rendered":"https:\/\/froiz.devhub.es\/reapertura-del-supermercado-froiz-de-calle-juan-montes-a-coruna\/"},"modified":"2023-06-19T13:15:55","modified_gmt":"2023-06-19T11:15:55","slug":"reapertura-del-supermercado-froiz-de-calle-juan-montes-a-coruna","status":"publish","type":"post","link":"https:\/\/froiz.es\/gl\/reapertura-del-supermercado-froiz-de-calle-juan-montes-a-coruna\/","title":{"rendered":"Reapertura del supermercado Froiz de calle Juan Montes, A Coru\u00f1a"},"content":{"rendered":"<p>El supermercado Froiz de calle Juan Montes, en A Coru\u00f1a, ha reabierto sus puertas despu\u00e9s de que se realizaran obras de mejoras. Entre ellas se encuentra la incorporaci\u00f3n de la secci\u00f3n de pescader\u00eda. Por lo que ahora mismo cuenta con todas las secciones de frescos: carnicer\u00eda, charcuter\u00eda, pescader\u00eda y fruter\u00eda; adem\u00e1s de obrador de pan. La oferta al cliente se completa con amplios murales de productos refrigerados y congelados; adem\u00e1s de bodega, droguer\u00eda y alimentaci\u00f3n general.\u00a0Cuenta con publicidad din\u00e1mica en\u00a0 pantallas LCD de secciones.<\/p>\n<p>Su horario es continuo: de\u00a09.00 a 21.30h. En \u00e9l trabajan profesionales de la alimentaci\u00f3n para ofrecer el mejor servicio y atenci\u00f3n a los clientes.<\/p>\n<p><img fetchpriority=\"high\" decoding=\"async\" class=\"aligncenter wp-image-2463 size-large\" src=\"https:\/\/www.froiz.com\/wp-content\/uploads\/2016\/12\/juan-montes-2-665x374.jpg\" alt=\"Interior del supermercado Froiz de calle Juan Montes, A Coru\u00f1a\" width=\"665\" height=\"374\" \/><\/p>\n","protected":false},"excerpt":{"rendered":"<p>El supermercado Froiz de calle Juan Montes, en A Coru\u00f1a, ha reabierto sus puertas despu\u00e9s de que se realizaran obras de mejoras. Entre ellas se encuentra la incorporaci\u00f3n de la secci\u00f3n de pescader\u00eda. Por lo que ahora mismo cuenta con todas las secciones de frescos: carnicer\u00eda, charcuter\u00eda, pescader\u00eda y fruter\u00eda; adem\u00e1s de obrador de pan. [&hellip;]<\/p>\n","protected":false},"author":1,"featured_media":20999,"comment_status":"open","ping_status":"open","sticky":false,"template":"","format":"standard","meta":{"_acf_changed":false,"footnotes":""},"categories":[31],"tags":[],"class_list":["post-25285","post","type-post","status-publish","format-standard","has-post-thumbnail","hentry","category-instalaciones"],"acf":[],"publishpress_future_workflow_manual_trigger":{"enabledWorkflows":[]},"_links":{"self":[{"href":"https:\/\/froiz.es\/gl\/wp-json\/wp\/v2\/posts\/25285","targetHints":{"allow":["GET"]}}],"collection":[{"href":"https:\/\/froiz.es\/gl\/wp-json\/wp\/v2\/posts"}],"about":[{"href":"https:\/\/froiz.es\/gl\/wp-json\/wp\/v2\/types\/post"}],"author":[{"embeddable":true,"href":"https:\/\/froiz.es\/gl\/wp-json\/wp\/v2\/users\/1"}],"replies":[{"embeddable":true,"href":"https:\/\/froiz.es\/gl\/wp-json\/wp\/v2\/comments?post=25285"}],"version-history":[{"count":0,"href":"https:\/\/froiz.es\/gl\/wp-json\/wp\/v2\/posts\/25285\/revisions"}],"wp:featuredmedia":[{"embeddable":true,"href":"https:\/\/froiz.es\/gl\/wp-json\/wp\/v2\/media\/20999"}],"wp:attachment":[{"href":"https:\/\/froiz.es\/gl\/wp-json\/wp\/v2\/media?parent=25285"}],"wp:term":[{"taxonomy":"category","embeddable":true,"href":"https:\/\/froiz.es\/gl\/wp-json\/wp\/v2\/categories?post=25285"},{"taxonomy":"post_tag","embeddable":true,"href":"https:\/\/froiz.es\/gl\/wp-json\/wp\/v2\/tags?post=25285"}],"curies":[{"name":"wp","href":"https:\/\/api.w.org\/{rel}","templated":true}]}}